{"id":7879,"date":"2026-04-27T13:23:08","date_gmt":"2026-04-27T18:23:08","guid":{"rendered":"https:\/\/observatorioarmenia.org\/site\/?p=7879"},"modified":"2026-04-27T13:23:11","modified_gmt":"2026-04-27T18:23:11","slug":"observatorio-economico-encuesta-de-calidad-de-vida-en-el-eje-cafetero-2025","status":"publish","type":"post","link":"https:\/\/observatorioarmenia.org\/site\/uncategorized\/observatorio-economico-encuesta-de-calidad-de-vida-en-el-eje-cafetero-2025\/","title":{"rendered":"Observatorio Econ\u00f3mico: Encuesta de Calidad de vida en el Eje Cafetero 2025"},"content":{"rendered":"\n<h2 class=\"wp-block-heading\">I. Contexto<\/h2>\n\n\n\n<p>La Encuesta Nacional de Calidad de Vida (ECV) 2025, publicada por el DANE el 20 de abril de 2026, ofrece la radiograf\u00eda socioecon\u00f3mica m\u00e1s completa de los hogares colombianos para ese a\u00f1o. Sus resultados sit\u00faan a los tres departamentos del Eje Cafetero \u2014Quind\u00edo, Risaralda y Caldas\u2014 entre los siete territorios con menor d\u00e9ficit habitacional del pa\u00eds (inferior al 20%), muy por debajo del promedio nacional de 25,6%. El Eje Cafetero tambi\u00e9n muestra niveles destacados de conectividad digital, cobertura en salud casi universal y percepciones de bienestar subjetivo superiores al promedio nacional. Este art\u00edculo examina los resultados de la ECV 2025 con \u00e9nfasis en la situaci\u00f3n del Quind\u00edo y el Eje Cafetero, e identifica los retos que persisten en vivienda, conectividad rural y percepci\u00f3n de calidad de los servicios de salud.<\/p>\n\n\n\n<h2 class=\"wp-block-heading\"><strong>2. Encuesta Nacional de Calidad de Vida 2025: alcance y metodolog\u00eda<\/strong><\/h2>\n\n\n\n<p>La ECV es la operaci\u00f3n estad\u00edstica de referencia para monitorear las condiciones socioecon\u00f3micas de los hogares en Colombia. Su aplicaci\u00f3n es anual y su dise\u00f1o permite comparaciones en el tiempo y entre territorios. La edici\u00f3n de 2025 se realiz\u00f3 sobre una muestra de 87.060 hogares completos, con 235.350 personas captadas, y ofrece desagregaciones a nivel nacional, por \u00e1reas (cabecera versus centros poblados y rural disperso), por los 32 departamentos m\u00e1s Bogot\u00e1 D.C., y por sexo del jefe o jefa del hogar. Las tem\u00e1ticas cubiertas son doce: caracter\u00edsticas de la vivienda, servicios del hogar, composici\u00f3n familiar, salud, atenci\u00f3n a menores de cinco a\u00f1os, educaci\u00f3n, fuerza de trabajo, tecnolog\u00edas de la informaci\u00f3n y la comunicaci\u00f3n (TIC), trabajo infantil, tenencia y financiaci\u00f3n de la vivienda, condiciones de vida y tenencia de bienes, y adquisici\u00f3n de bienes y servicios.<\/p>\n\n\n\n<p>El bolet\u00edn t\u00e9cnico publicado el 20 de abril de 2026 hace referencia expl\u00edcita al Eje Cafetero en el an\u00e1lisis del d\u00e9ficit habitacional, se\u00f1alando que los tres departamentos que lo conforman \u2014junto con Bogot\u00e1 D.C., Valle del Cauca, Cundinamarca y Boyac\u00e1\u2014 presentan d\u00e9ficits inferiores al 20,0%, en contraste con seis departamentos que superan el 80,0%.<\/p>\n\n\n\n<h2 class=\"wp-block-heading\">3<strong>. Composici\u00f3n y din\u00e1mica de los hogares<\/strong><\/h2>\n\n\n\n<p>En 2025 Colombia contaba con aproximadamente 18,9 millones de hogares y una poblaci\u00f3n estimada de 53,4 millones de personas, para un promedio de 2,82 personas por hogar. Este indicador mantiene una tendencia decreciente ininterrumpida desde 2019, cuando se situaba en 3,10, y la brecha entre cabeceras (2,77) y zonas rurales (2,96) contin\u00faa ampli\u00e1ndose. El fen\u00f3meno refleja una transici\u00f3n demogr\u00e1fica consolidada: menor fecundidad, mayor autonom\u00eda de los adultos j\u00f3venes y crecimiento de los hogares unipersonales.<\/p>\n\n\n\n<p>La tipolog\u00eda de los hogares en 2025 muestra que los biparentales siguen siendo la categor\u00eda predominante con el 51,3%, seguidos por los monoparentales (24,3%), los unipersonales (20,2%) y otros tipos (4,2%). Comparado con 2019, los hogares unipersonales ganaron casi dos puntos porcentuales, en tanto que los biparentales perdieron cerca de dos. Esta transformaci\u00f3n estructural tiene consecuencias directas sobre la demanda de vivienda, los servicios de cuidado y los sistemas de protecci\u00f3n social.<\/p>\n\n\n\n<p>El porcentaje de hogares con jefatura femenina se estabiliz\u00f3 en 46,4% en 2025, frenando la tendencia creciente de a\u00f1os anteriores. Esta estabilizaci\u00f3n es atribuible principalmente al comportamiento en las cabeceras, donde el indicador pas\u00f3 de 49,0% a 48,7%, mientras que en zonas rurales creci\u00f3 0,6 puntos porcentuales. Un hallazgo consistente a lo largo de los a\u00f1os es que el 69,0% de los hogares con jefatura femenina no cuenta con la presencia de pareja o c\u00f3nyuge, proporci\u00f3n que contrasta con el 31,7% registrado en los hogares con jefatura masculina. Esta diferencia tiene implicaciones profundas para las pol\u00edticas de vivienda, trabajo y seguridad econ\u00f3mica, toda vez que los hogares monoparentales con jefatura femenina enfrentan restricciones estructurales adicionales de acceso al cr\u00e9dito y a la propiedad.<\/p>\n\n\n\n<h2 class=\"wp-block-heading\"><strong>4. Tenencia de vivienda y d\u00e9ficit habitacional<\/strong><\/h2>\n\n\n\n<h3 class=\"wp-block-heading\"><strong>4.1 Tendencias en la tenencia<\/strong><\/h3>\n\n\n\n<p>Desde 2019 la estructura de tenencia de la vivienda en Colombia ha experimentado un cambio relevante: el arriendo o subarriendo consolid\u00f3 su posici\u00f3n como la modalidad predominante por cuarto a\u00f1o consecutivo, con el 40,8% de los hogares en 2025, mientras que la vivienda propia totalmente pagada retrocedi\u00f3 de 41,6% (2019) a 34,8% (2025). Esta inversi\u00f3n en la tendencia hist\u00f3rica \u2014donde la propiedad sol\u00eda ser la forma mayoritaria de ocupaci\u00f3n\u2014 es uno de los cambios estructurales m\u00e1s significativos que registra la encuesta.<\/p>\n\n\n\n<p>Figura 1<\/p>\n\n\n\n<p><em>Hogares en d\u00e9ficit habitacional (%), total nacional, 2019\u20132025<\/em><\/p>\n\n\n<div class=\"wp-block-image\">\n<figure class=\"aligncenter size-full\"><img loading=\"lazy\" decoding=\"async\" width=\"840\" height=\"383\" src=\"https:\/\/observatorioarmenia.org\/site\/wp-content\/uploads\/2026\/04\/image-1.gif\" alt=\"\" class=\"wp-image-7881\"\/><\/figure>\n<\/div>\n\n\n<p>Fuente: Cardozo Y. R., para el Observatorio Econ\u00f3mico de la Alcald\u00eda de Armenia con datos del DANE, ECV 2025.<\/p>\n\n\n\n<p>La tabla a continuaci\u00f3n presenta la serie completa:<\/p>\n\n\n\n<p>Tabla 1.<\/p>\n\n\n\n<p>Hogares seg\u00fan tipo de tenencia de la vivienda (%), total nacional, 2019\u20132025<\/p>\n\n\n\n<figure class=\"wp-block-table\"><table><tbody><tr><td><strong>Tipo de tenencia<\/strong><\/td><td><strong>2019<\/strong><\/td><td><strong>2020<\/strong><\/td><td><strong>2021<\/strong><\/td><td><strong>2022<\/strong><\/td><td><strong>2023<\/strong><\/td><td><strong>2024<\/strong><\/td><td colspan=\"2\"><strong>2025<\/strong><\/td><\/tr><tr><td><strong>Propia totalmente pagada<\/strong><\/td><td><strong>41.6<\/strong><\/td><td><strong>37.3<\/strong><\/td><td><strong>34.7<\/strong><\/td><td><strong>34.9<\/strong><\/td><td><strong>35.4<\/strong><\/td><td><strong>36<\/strong><\/td><td colspan=\"2\"><strong>34.8<\/strong><\/td><\/tr><tr><td>Propia, la est\u00e1n pagando<\/td><td>4.6<\/td><td>4.8<\/td><td>4.7<\/td><td>4.1<\/td><td>4.1<\/td><td>3.5<\/td><td colspan=\"2\">3.3<\/td><\/tr><tr><td><strong>En arriendo\/subarriendo<\/strong><\/td><td><strong>35.7<\/strong><\/td><td><strong>36.9<\/strong><\/td><td><strong>38.6<\/strong><\/td><td><strong>40.2<\/strong><\/td><td><strong>40.3<\/strong><\/td><td><strong>40.4<\/strong><\/td><td colspan=\"2\"><strong>40.8<\/strong><\/td><\/tr><tr><td>Usufructo (sin pago)<\/td><td>14.1<\/td><td>14.6<\/td><td>15.4<\/td><td>13.9<\/td><td>14.5<\/td><td>14<\/td><td colspan=\"2\">14.5<\/td><\/tr><tr><td>Ocupante de hecho<\/td><td>2.2<\/td><td>3.4<\/td><td>3.6<\/td><td>4.5<\/td><td>3.4<\/td><td>3.8<\/td><td colspan=\"2\">4.1<\/td><\/tr><tr><td>Propiedad colectiva<\/td><td>1.8<\/td><td>3<\/td><td>3.1<\/td><td>2.4<\/td><td>2.5<\/td><td>2.3<\/td><td colspan=\"2\">2.4<\/td><\/tr><tr><td colspan=\"8\">Fuente: Cardozo Y. R., para el Observatorio Econ\u00f3mico de la Alcald\u00eda de Armenia con datos del DANE, ECV 2025.<\/td><td>&nbsp;<\/td><\/tr><tr><td><\/td><td><\/td><td><\/td><td><\/td><td><\/td><td><\/td><td><\/td><td><\/td><td><\/td><\/tr><\/tbody><\/table><\/figure>\n\n\n\n<p>El an\u00e1lisis por departamentos que hace el DANE ubica a Risaralda entre los territorios con mayor proporci\u00f3n de hogares en arriendo del pa\u00eds (junto con Bogot\u00e1, Meta y Cundinamarca), dato coherente con la din\u00e1mica urbana de Pereira como ciudad receptora de poblaci\u00f3n. El patr\u00f3n del Eje Cafetero \u2014alta proporci\u00f3n de arriendo, baja propiedad colectiva y usufructo moderado\u2014 refleja econom\u00edas urbanas relativamente diversificadas, con mercados inmobiliarios activos impulsados por el turismo y los servicios. El aumento de los ocupantes de hecho (de 2,2% en 2019 a 4,1% en 2025) es una se\u00f1al de alerta que merece seguimiento local, en particular en municipios periurbanos del Eje Cafetero con menor capacidad institucional.<\/p>\n\n\n\n<h3 class=\"wp-block-heading\"><strong>4.2 D\u00e9ficit habitacional: el Eje Cafetero como referente nacional<\/strong><\/h3>\n\n\n\n<p>El d\u00e9ficit habitacional nacional continu\u00f3 su reducci\u00f3n en 2025, al pasar de 26,8% a 25,6%. En los \u00faltimos seis a\u00f1os el indicador acumul\u00f3 una ca\u00edda de 7,2 puntos porcentuales. La reducci\u00f3n del d\u00e9ficit cuantitativo (de 6,8% a 6,3%) estuvo asociada principalmente al mejoramiento en los materiales de las paredes de las viviendas, mientras que la disminuci\u00f3n del d\u00e9ficit cualitativo (de 20,0% a 19,3%) se explica, en mayor medida, por la reducci\u00f3n del hacinamiento mitigable.<\/p>\n\n\n\n<p>Tabla 2.<\/p>\n\n\n\n<p>Hogares en d\u00e9ficit habitacional (%), total nacional, 2019\u20132025<\/p>\n\n\n\n<figure class=\"wp-block-table\"><table><tbody><tr><td>&nbsp;<\/td><td><strong>Tipo de d\u00e9ficit<\/strong><\/td><td><strong>2019<\/strong><\/td><td><strong>2020<\/strong><\/td><td><strong>2021<\/strong><\/td><td><strong>2022<\/strong><\/td><td><strong>2023<\/strong><\/td><td><strong>2024<\/strong><\/td><td colspan=\"2\"><strong>2025<\/strong><\/td><\/tr><tr><td>&nbsp;<\/td><td><strong>Total habitacional<\/strong><\/td><td><strong>32.8<\/strong><\/td><td><strong>31.4<\/strong><\/td><td><strong>31<\/strong><\/td><td><strong>30.4<\/strong><\/td><td><strong>28.9<\/strong><\/td><td><strong>26.8<\/strong><\/td><td colspan=\"2\"><strong>25.6<\/strong><\/td><\/tr><tr><td>&nbsp;<\/td><td>Cuantitativo<\/td><td>8.2<\/td><td>8<\/td><td>7.5<\/td><td>7.3<\/td><td>6.8<\/td><td>6.8<\/td><td colspan=\"2\">6.3<\/td><\/tr><tr><td>&nbsp;<\/td><td>Cualitativo<\/td><td>24.6<\/td><td>23.4<\/td><td>23.5<\/td><td>23.1<\/td><td>22.1<\/td><td>20<\/td><td colspan=\"2\">19.3<\/td><\/tr><tr><td colspan=\"9\">Fuente: Cardozo Y. R., para el Observatorio Econ\u00f3mico de la Alcald\u00eda de Armenia con datos del DANE, ECV 2025.<\/td><td>&nbsp;<\/td><\/tr><tr><td><\/td><td><\/td><td><\/td><td><\/td><td><\/td><td><\/td><td><\/td><td><\/td><td><\/td><td><\/td><\/tr><\/tbody><\/table><\/figure>\n\n\n\n<p>El bolet\u00edn t\u00e9cnico de la ECV 2025 se\u00f1ala expl\u00edcitamente que los tres departamentos del Eje Cafetero \u2014Quind\u00edo, Risaralda y Caldas\u2014 presentan d\u00e9ficits habitacionales inferiores al 20,0%, constituyendo junto con Bogot\u00e1 D.C. (6,3%), Valle del Cauca, Cundinamarca y Boyac\u00e1 el grupo de territorios con mejores condiciones de habitabilidad del pa\u00eds. Este resultado contrasta con el polo opuesto: seis departamentos \u2014Vaup\u00e9s, Vichada, San Andr\u00e9s, Guain\u00eda, Choc\u00f3 y Amazonas\u2014 registran d\u00e9ficits superiores al 80,0%. La brecha entre ambos extremos revela la profunda heterogeneidad territorial del pa\u00eds y subraya la importancia de pol\u00edticas diferenciadas por territorio.<\/p>\n\n\n\n<p>Para el Eje Cafetero, el car\u00e1cter predominantemente cualitativo del d\u00e9ficit restante indica que los rezagos ya no son de viviendas inexistentes o materialmente inadecuadas, sino de deficiencias susceptibles de mejoramiento: hacinamiento mitigable, carencias en acueducto o alcantarillado en zonas rurales, y pisos inadecuados en viviendas periurbanas. Esto orienta la pol\u00edtica habitacional local hacia programas de mejoramiento, subsidios de servicios b\u00e1sicos y acciones focalizadas en los municipios m\u00e1s rezagados de la regi\u00f3n \u2014como G\u00e9nova, Pijao y C\u00f3rdoba en el sur del Quind\u00edo\u2014, m\u00e1s que hacia la construcci\u00f3n de soluciones nuevas.<\/p>\n\n\n\n<h2 class=\"wp-block-heading\"><strong>5. Acceso a internet y uso de tecnolog\u00edas de la informaci\u00f3n<\/strong><\/h2>\n\n\n\n<p>El acceso a internet en los hogares colombianos experiment\u00f3 en 2025 su mayor crecimiento anual de la serie: pas\u00f3 de 65,6% a 73,9%, un incremento de 8,3 puntos porcentuales en un solo a\u00f1o. El avance fue especialmente pronunciado en centros poblados y rural disperso, donde el indicador salt\u00f3 de 41,9% a 56,9%, es decir, 15,0 puntos porcentuales, reflejando el impacto acumulado de las inversiones en infraestructura de telecomunicaciones y los programas de conectividad rural de las vigencias 2023\u20132025. En las cabeceras, el indicador lleg\u00f3 al 78,8% (frente al 72,5% de 2024).<\/p>\n\n\n\n<p>Figura 2<\/p>\n\n\n\n<p>Hogares con acceso a internet (%), nacional y \u00e1rea, 2019\u20132025<\/p>\n\n\n<div class=\"wp-block-image\">\n<figure class=\"aligncenter size-full\"><img loading=\"lazy\" decoding=\"async\" width=\"840\" height=\"322\" src=\"https:\/\/observatorioarmenia.org\/site\/wp-content\/uploads\/2026\/04\/image.gif\" alt=\"\" class=\"wp-image-7880\"\/><\/figure>\n<\/div>\n\n\n<p>Fuente: Cardozo Y. R., para el Observatorio Econ\u00f3mico de la Alcald\u00eda de Armenia con datos del DANE, ECV 2025.<\/p>\n\n\n\n<p>En el an\u00e1lisis por departamentos, el DANE se\u00f1ala que Risaralda se ubic\u00f3 entre los cuatro primeros puestos del pa\u00eds en conectividad a internet (junto con San Andr\u00e9s \u2014que solo tiene muestra urbana\u2014, Valle del Cauca y Bogot\u00e1 D.C.), lo que posiciona al Eje Cafetero como una de las regiones digitalmente m\u00e1s avanzadas de Colombia. No obstante, la brecha urbano-rural persiste de manera significativa: aunque el acceso rural creci\u00f3 15 puntos porcentuales, la diferencia con las cabeceras sigue siendo de m\u00e1s de 20 puntos, lo que constituye una barrera estructural para el acceso a servicios digitales de educaci\u00f3n, salud y comercializaci\u00f3n en los municipios rurales del Quind\u00edo.<\/p>\n\n\n\n<p>En cuanto al uso efectivo de las TIC por parte de las personas de 5 a\u00f1os y m\u00e1s, el celular sigue siendo la tecnolog\u00eda dominante con el 91,9% de usuarios en 2025, seguido del internet en cualquier lugar (82,3%) y el computador en cualquier lugar \u2014escritorio, port\u00e1til o tableta\u2014 (36,1%). Los tres indicadores crecieron frente a 2024, siendo el internet el de mayor incremento (2,9 puntos porcentuales). Las mujeres utilizan el celular e internet en mayor proporci\u00f3n que los hombres, mientras que en el uso de computadores ambos sexos registran porcentajes iguales.<\/p>\n\n\n\n<h2 class=\"wp-block-heading\"><strong>6. Afiliaci\u00f3n al sistema de salud y percepci\u00f3n de calidad<\/strong><\/h2>\n\n\n\n<p>Colombia alcanz\u00f3 en 2025 una cobertura del 97,2% de su poblaci\u00f3n en el Sistema General de Seguridad Social en Salud (SGSSS), el nivel m\u00e1s alto de la serie analizada (2019: 92,8%). El incremento frente a 2024 fue de 0,7 puntos porcentuales, ligeramente mayor entre los hombres. La distribuci\u00f3n por r\u00e9gimen se mantuvo estable: el r\u00e9gimen subsidiado cubre al 55,0% de los afiliados y el contributivo al 44,9%, proporci\u00f3n pr\u00e1cticamente igual a la de 2024.<\/p>\n\n\n\n<p>Figura 3<\/p>\n\n\n\n<p>Afiliaci\u00f3n al SGSSS (%), total nacional, 2019\u20132025<\/p>\n\n\n<div class=\"wp-block-image\">\n<figure class=\"aligncenter size-full\"><img loading=\"lazy\" decoding=\"async\" width=\"840\" height=\"420\" src=\"https:\/\/observatorioarmenia.org\/site\/wp-content\/uploads\/2026\/04\/image-2.gif\" alt=\"\" class=\"wp-image-7882\"\/><\/figure>\n<\/div>\n\n\n<p>Fuente: Cardozo Y. R., para el Observatorio Econ\u00f3mico de la Alcald\u00eda de Armenia con datos del DANE, ECV 2025.<\/p>\n\n\n\n<p>A nivel departamental todos los territorios superan el 92,0% de afiliaci\u00f3n, pero la distribuci\u00f3n por r\u00e9gimen difiere notablemente. El DANE se\u00f1ala que Bogot\u00e1 lidera el r\u00e9gimen contributivo con el 73,4% de sus afiliados, seguida de San Andr\u00e9s y Cundinamarca (66,7% y 62,1%). Para el Eje Cafetero, la mayor formalizaci\u00f3n laboral urbana \u2014especialmente visible en Risaralda y Quind\u00edo, donde el sector tur\u00edstico y de servicios tiene alta participaci\u00f3n\u2014 se traduce en proporciones del r\u00e9gimen contributivo superiores al promedio nacional (44,9%), dato que puede inferirse del an\u00e1lisis del gr\u00e1fico 13 del bolet\u00edn, aunque los valores exactos por departamento se encuentran en los anexos de la ECV 2025.<\/p>\n\n\n\n<p>Tabla 3.<\/p>\n\n\n\n<p>Afiliaci\u00f3n al SGSSS y distribuci\u00f3n por r\u00e9gimen (%), total nacional, 2019\u20132025<\/p>\n\n\n\n<figure class=\"wp-block-table\"><table><tbody><tr><td><strong>Indicador<\/strong><\/td><td><strong>2019<\/strong><\/td><td><strong>2020<\/strong><\/td><td><strong>2021<\/strong><\/td><td><strong>2022<\/strong><\/td><td><strong>2023<\/strong><\/td><td><strong>2024<\/strong><\/td><td colspan=\"2\"><strong>2025<\/strong><\/td><\/tr><tr><td><strong>Afiliados al SGSSS<\/strong><\/td><td><strong>92.8<\/strong><\/td><td><strong>93.2<\/strong><\/td><td><strong>93<\/strong><\/td><td><strong>94.7<\/strong><\/td><td><strong>95.9<\/strong><\/td><td><strong>96.5<\/strong><\/td><td colspan=\"2\"><strong>97.2<\/strong><\/td><\/tr><tr><td>R\u00e9gimen contributivo*<\/td><td>48.4<\/td><td>45.4<\/td><td>46.5<\/td><td>44.9<\/td><td>44.2<\/td><td>44.8<\/td><td colspan=\"2\">44.9<\/td><\/tr><tr><td>R\u00e9gimen subsidiado*<\/td><td>51.3<\/td><td>54.3<\/td><td>53.2<\/td><td>54.8<\/td><td>55.6<\/td><td>55<\/td><td colspan=\"2\">55<\/td><\/tr><tr><td colspan=\"8\">Fuente: Cardozo Y. R., para el Observatorio Econ\u00f3mico de la Alcald\u00eda de Armenia con datos del DANE, ECV 2025.<\/td><td>&nbsp;<\/td><\/tr><tr><td><\/td><td><\/td><td><\/td><td><\/td><td><\/td><td><\/td><td><\/td><td><\/td><td><\/td><\/tr><\/tbody><\/table><\/figure>\n\n\n\n<p>El hallazgo m\u00e1s preocupante de la dimensi\u00f3n de salud es la ca\u00edda de 2,9 puntos porcentuales en la percepci\u00f3n positiva de la calidad del servicio de la EPS: pas\u00f3 de 84,8% en 2024 al 81,9% en 2025, el deterioro m\u00e1s pronunciado de los \u00faltimos a\u00f1os. El retroceso fue m\u00e1s intenso en centros poblados y rural disperso (\u20135,0 pp). En siete departamentos del pa\u00eds esa proporci\u00f3n favorable cae por debajo del 70,0%, con Nari\u00f1o, Vichada y Putumayo entre los m\u00e1s cr\u00edticos. Si bien el Eje Cafetero no figura en los extremos negativos, la tendencia nacional indica un deterioro sist\u00e9mico que requiere atenci\u00f3n de las autoridades sanitarias locales y de las EPS que operan en la regi\u00f3n.<\/p>\n\n\n\n<h2 class=\"wp-block-heading\"><strong>7. Educaci\u00f3n, percepci\u00f3n de pobreza y bienestar subjetivo<\/strong><\/h2>\n\n\n\n<h3 class=\"wp-block-heading\"><strong>7.1 Educaci\u00f3n y asistencia escolar<\/strong><\/h3>\n\n\n\n<p>La asistencia a establecimientos de educaci\u00f3n formal mantiene niveles elevados entre los grupos de edad de b\u00e1sica primaria (6\u201310 a\u00f1os: 98,3% promedio) y secundaria (11\u201314 a\u00f1os: 96,9%), pero cae progresivamente en los grupos superiores: 87,8% entre los de 15 y 16 a\u00f1os y solo 48,4% entre los de 17 a 21 a\u00f1os. Frente a 2024, la asistencia creci\u00f3 en los dos primeros grupos (1,1 y 0,7 pp respectivamente), pero retrocedi\u00f3 entre los adolescentes de 15\u201316 a\u00f1os (\u20132,0 pp) y en el grupo de 17\u201321 a\u00f1os (\u20130,7 pp). En todos los grupos, las mujeres presentan tasas de asistencia superiores a las de los hombres, con brechas de 3,2 pp en el tramo 15\u201316 a\u00f1os y 2,9 pp en el de 17\u201321.<\/p>\n\n\n\n<p>Figura 4<\/p>\n\n\n\n<p>Personas de 17 a 21 a\u00f1os con educaci\u00f3n superior (%), 2019\u20132025<\/p>\n\n\n<div class=\"wp-block-image\">\n<figure class=\"aligncenter size-full\"><img loading=\"lazy\" decoding=\"async\" width=\"840\" height=\"322\" src=\"https:\/\/observatorioarmenia.org\/site\/wp-content\/uploads\/2026\/04\/image-3.gif\" alt=\"\" class=\"wp-image-7883\"\/><\/figure>\n<\/div>\n\n\n<p>Fuente: Cardozo Y. R., para el Observatorio Econ\u00f3mico de la Alcald\u00eda de Armenia con datos del DANE, ECV 2025.<\/p>\n\n\n\n<p>El indicador de m\u00e1ximo nivel educativo alcanzado por j\u00f3venes de 17 a 21 a\u00f1os muestra avances: en 2025, el 37,6% hab\u00eda alcanzado el nivel superior, frente al 36,1% de 2024 y el 33,9% de 2019. El crecimiento se concentr\u00f3 en las cabeceras (de 42,6% a 44,7%), mientras que en zonas rurales el indicador retrocedi\u00f3 levemente (de 16,3% a 16,0%), ampliando la brecha entre ambas \u00e1reas. El DANE destaca que entre los departamentos con los mayores porcentajes de j\u00f3venes de 17\u201321 a\u00f1os con educaci\u00f3n superior se encuentran Caldas, Cundinamarca, Risaralda, Boyac\u00e1, Santander y Atl\u00e1ntico (todos entre 50,1% y 55,1%), ubic\u00e1ndose dos departamentos del Eje Cafetero \u2014Caldas y Risaralda\u2014 entre los mejores del pa\u00eds, solo superados por Bogot\u00e1 (60,7%) y Atl\u00e1ntico.<\/p>\n\n\n\n<h3 class=\"wp-block-heading\"><strong>7.2 Percepci\u00f3n de pobreza y seguridad<\/strong><\/h3>\n\n\n\n<p>El porcentaje de jefes y jefas de hogar que se consideran pobres cay\u00f3 al 37,6% en 2025, el nivel m\u00e1s bajo de la serie y muy similar al de 2019. La reducci\u00f3n fue m\u00e1s pronunciada en centros poblados y rural disperso (\u20134,7 pp), donde sin embargo la pobreza subjetiva (60,1%) sigue siendo casi el doble de la registrada en cabeceras (31,2%). La percepci\u00f3n de pobreza sigue siendo m\u00e1s alta en los hogares con jefatura femenina (39,5%) que en los de jefatura masculina (35,9%).<\/p>\n\n\n\n<p>Figura 5<\/p>\n\n\n\n<p>Jefes\/as que se consideran pobres (%), total nacional y \u00e1rea, 2019\u20132025<\/p>\n\n\n<div class=\"wp-block-image\">\n<figure class=\"aligncenter size-full\"><img loading=\"lazy\" decoding=\"async\" width=\"840\" height=\"420\" src=\"https:\/\/observatorioarmenia.org\/site\/wp-content\/uploads\/2026\/04\/image-4.gif\" alt=\"\" class=\"wp-image-7884\"\/><\/figure>\n<\/div>\n\n\n<p>Fuente: Cardozo Y. R., para el Observatorio Econ\u00f3mico de la Alcald\u00eda de Armenia con datos del DANE, ECV 2025.<\/p>\n\n\n\n<p>Un dato relevante para el Eje Cafetero: el DANE se\u00f1ala que Caldas registra el 20,5% de jefes y jefas que se consideran pobres, siendo el tercer valor m\u00e1s bajo del pa\u00eds (tras San Andr\u00e9s, 6,4%, y Bogot\u00e1, 20,4%). Aunque los datos de Quind\u00edo y Risaralda est\u00e1n disponibles \u00fanicamente en los anexos departamentales, la posici\u00f3n de Caldas sugiere que el Eje Cafetero en su conjunto mantiene percepciones de pobreza subjetiva claramente por debajo del promedio nacional (37,6%), lo que es consistente con sus mejores resultados en acceso a servicios, conectividad y habitabilidad.<\/p>\n\n\n\n<p>La percepci\u00f3n de seguridad en el barrio, pueblo o vereda se mantuvo estable en 80,5%, con una leve mejora en centros poblados y rural disperso (90,9%) y sin cambios significativos en cabeceras (77,5%). A nivel departamental, Bogot\u00e1 y Atl\u00e1ntico registran los mayores niveles de inseguridad percibida, con proporciones de 37,4% y 37,0% de personas que se sienten inseguras. El Eje Cafetero, con tradici\u00f3n de menores \u00edndices de inseguridad percibida en los centros urbanos medianos, no figura entre los territorios cr\u00edticos.<\/p>\n\n\n\n<h3 class=\"wp-block-heading\"><strong>7.3 Bienestar subjetivo<\/strong><\/h3>\n\n\n\n<p>La ECV 2025 midi\u00f3 la satisfacci\u00f3n con la vida en distintas dimensiones. La calificaci\u00f3n promedio m\u00e1s alta corresponde a la satisfacci\u00f3n con la vida en general (8,2 sobre 10), seguida de la salud (7,9), la seguridad y el tiempo libre (7,6), el trabajo o actividad desempe\u00f1ados (7,4) y el ingreso recibido (6,8). Comparados con 2024, la satisfacci\u00f3n con la salud, el tiempo libre y el ingreso registraron ligeras reducciones, mientras que los dem\u00e1s aspectos permanecieron estables.<\/p>\n\n\n\n<p>Tabla 4.<\/p>\n\n\n\n<p>Satisfacci\u00f3n con aspectos de vida (promedio 0\u201310), total nacional, 2019\u20132025<\/p>\n\n\n\n<figure class=\"wp-block-table\"><table><tbody><tr><td><strong>Dimensi\u00f3n (escala 0\u201310)<\/strong><\/td><td><strong>2019<\/strong><\/td><td><strong>2020<\/strong><\/td><td><strong>2021<\/strong><\/td><td><strong>2022<\/strong><\/td><td><strong>2023<\/strong><\/td><td><strong>2024<\/strong><\/td><td><strong>2025<\/strong><\/td><\/tr><tr><td><strong>Vida en general<\/strong><\/td><td><strong>8.2<\/strong><\/td><td><strong>8<\/strong><\/td><td><strong>8<\/strong><\/td><td><strong>7.9<\/strong><\/td><td><strong>8.1<\/strong><\/td><td><strong>8.2<\/strong><\/td><td><strong>8.2<\/strong><\/td><\/tr><tr><td>Salud<\/td><td>7.9<\/td><td>7.9<\/td><td>7.9<\/td><td>7.7<\/td><td>7.9<\/td><td>8<\/td><td>7.9<\/td><\/tr><tr><td>Seguridad<\/td><td>7.1<\/td><td>7.4<\/td><td>7<\/td><td>7.2<\/td><td>7.3<\/td><td>7.6<\/td><td>7.6<\/td><\/tr><tr><td>Trabajo\/actividad<\/td><td>7.2<\/td><td>7.1<\/td><td>7<\/td><td>7<\/td><td>7.3<\/td><td>7.4<\/td><td>7.4<\/td><\/tr><tr><td>Ingreso**<\/td><td>6.7<\/td><td>6.6<\/td><td>6.5<\/td><td>6.5<\/td><td>6.8<\/td><td>6.9<\/td><td>6.8<\/td><\/tr><\/tbody><\/table><\/figure>\n\n\n\n<p>Fuente: Cardozo Y. R., para el Observatorio Econ\u00f3mico de la Alcald\u00eda de Armenia con datos del DANE, ECV 2025.<\/p>\n\n\n\n<h2 class=\"wp-block-heading\"><strong>8. Conclusiones e implicaciones de pol\u00edtica territorial<\/strong><\/h2>\n\n\n\n<p>Los resultados de la ECV 2025 consolidan una imagen favorable del Eje Cafetero en los principales indicadores de calidad de vida, pero tambi\u00e9n revelan retos espec\u00edficos que demandan respuestas de pol\u00edtica diferenciadas. Las siguientes son las conclusiones principales para el Quind\u00edo:<\/p>\n\n\n\n<ul class=\"wp-block-list\">\n<li>El Eje Cafetero \u2014Quind\u00edo, Risaralda y Caldas\u2014 se ubica entre los siete territorios con menor d\u00e9ficit habitacional del pa\u00eds, con valores inferiores al 20%, frente al 25,6% nacional. El d\u00e9ficit restante es predominantemente cualitativo, lo que orienta la pol\u00edtica hacia el mejoramiento de lo existente y no a la construcci\u00f3n nueva.<\/li>\n<\/ul>\n\n\n\n<ul class=\"wp-block-list\">\n<li>La consolidaci\u00f3n del arriendo como modalidad dominante (40,8% nacional; Risaralda entre los m\u00e1s altos del pa\u00eds) refleja una transformaci\u00f3n estructural del acceso a la vivienda con implicaciones sobre la estabilidad patrimonial de los hogares y la demanda de instrumentos de arrendamiento social y subsidios a la compra.<\/li>\n<\/ul>\n\n\n\n<ul class=\"wp-block-list\">\n<li>El salto de 8,3 puntos porcentuales en el acceso a internet nacional en 2025 \u2014con Risaralda entre los cuatro primeros del pa\u00eds\u2014 posiciona al Eje Cafetero como regi\u00f3n digitalmente avanzada. Sin embargo, la brecha rural persiste y representa un obst\u00e1culo para la inclusi\u00f3n productiva y el acceso a servicios p\u00fablicos digitales en los municipios del sur del Quind\u00edo.<\/li>\n<\/ul>\n\n\n\n<ul class=\"wp-block-list\">\n<li>La cobertura del SGSSS roza la universalidad (97,2% nacional), pero la percepci\u00f3n positiva de la calidad de las EPS cay\u00f3 2,9 puntos porcentuales en 2025. Este deterioro sist\u00e9mico demanda monitoreo continuo por parte de las secretar\u00edas de salud y acuerdos de gesti\u00f3n con las EPS que operan en la regi\u00f3n.<\/li>\n<\/ul>\n\n\n\n<ul class=\"wp-block-list\">\n<li>Caldas es el tercer departamento del pa\u00eds con menor percepci\u00f3n de pobreza subjetiva (20,5%), y dos departamentos cafeteros \u2014Caldas y Risaralda\u2014 figuran entre los l\u00edderes nacionales en el porcentaje de j\u00f3venes de 17\u201321 a\u00f1os con educaci\u00f3n superior, lo que refleja una combinaci\u00f3n de mayor acceso a instituciones de educaci\u00f3n superior y mercados laborales m\u00e1s formalizados.<\/li>\n<\/ul>\n\n\n\n<ul class=\"wp-block-list\">\n<li>La estabilizaci\u00f3n de la jefatura femenina en 46,4% y la alta proporci\u00f3n de hogares monoparentales con jefa mujer sin pareja (69,0%) demandan pol\u00edticas activas de inclusi\u00f3n econ\u00f3mica, acceso a vivienda y protecci\u00f3n social dirigidas espec\u00edficamente a este segmento poblacional en Armenia y los municipios del Quind\u00edo.<\/li>\n<\/ul>\n\n\n\n<h2 class=\"wp-block-heading\"><strong>Referencias<\/strong><\/h2>\n\n\n\n<p>Departamento Administrativo Nacional de Estad\u00edstica [DANE]. (2026). Encuesta Nacional de Calidad de Vida (ECV) 2025. Bolet\u00edn t\u00e9cnico. Bogot\u00e1: DANE. Publicado el 20 de abril de 2026. Disponible en: <a href=\"https:\/\/www.dane.gov.co\/index.php\/estadisticas-por-tema\/salud\/calidad-de-vida-ecv\/encuesta-nacional-de-calidad-de-vida-ecv-2025\">https:\/\/www.dane.gov.co\/index.php\/estadisticas-por-tema\/salud\/calidad-de-vida-ecv\/encuesta-nacional-de-calidad-de-vida-ecv-2025<\/a><\/p>\n","protected":false},"excerpt":{"rendered":"<p>I. Contexto La Encuesta Nacional de Calidad de Vida (ECV) 2025, publicada por el DANE el 20 de abril de 2026, ofrece la radiograf\u00eda socioecon\u00f3mica m\u00e1s completa de los hogares colombianos para ese a\u00f1o. Sus resultados sit\u00faan a los tres departamentos del Eje Cafetero \u2014Quind\u00edo, Risaralda y Caldas\u2014 entre los<\/p>\n<div class=\"continue-reading-wrapper\"><a href=\"https:\/\/observatorioarmenia.org\/site\/uncategorized\/observatorio-economico-encuesta-de-calidad-de-vida-en-el-eje-cafetero-2025\/\" class=\"continue-reading\">Ampliar informaci\u00f3n<i class=\"ion-ios-arrow-right\"><\/i><\/a><\/div>\n","protected":false},"author":1,"featured_media":0,"comment_status":"open","ping_status":"closed","sticky":false,"template":"","format":"standard","meta":{"footnotes":""},"categories":[1],"tags":[],"class_list":["post-7879","post","type-post","status-publish","format-standard","hentry","category-uncategorized"],"_links":{"self":[{"href":"https:\/\/observatorioarmenia.org\/site\/wp-json\/wp\/v2\/posts\/7879","targetHints":{"allow":["GET"]}}],"collection":[{"href":"https:\/\/observatorioarmenia.org\/site\/wp-json\/wp\/v2\/posts"}],"about":[{"href":"https:\/\/observatorioarmenia.org\/site\/wp-json\/wp\/v2\/types\/post"}],"author":[{"embeddable":true,"href":"https:\/\/observatorioarmenia.org\/site\/wp-json\/wp\/v2\/users\/1"}],"replies":[{"embeddable":true,"href":"https:\/\/observatorioarmenia.org\/site\/wp-json\/wp\/v2\/comments?post=7879"}],"version-history":[{"count":2,"href":"https:\/\/observatorioarmenia.org\/site\/wp-json\/wp\/v2\/posts\/7879\/revisions"}],"predecessor-version":[{"id":7886,"href":"https:\/\/observatorioarmenia.org\/site\/wp-json\/wp\/v2\/posts\/7879\/revisions\/7886"}],"wp:attachment":[{"href":"https:\/\/observatorioarmenia.org\/site\/wp-json\/wp\/v2\/media?parent=7879"}],"wp:term":[{"taxonomy":"category","embeddable":true,"href":"https:\/\/observatorioarmenia.org\/site\/wp-json\/wp\/v2\/categories?post=7879"},{"taxonomy":"post_tag","embeddable":true,"href":"https:\/\/observatorioarmenia.org\/site\/wp-json\/wp\/v2\/tags?post=7879"}],"curies":[{"name":"wp","href":"https:\/\/api.w.org\/{rel}","templated":true}]}}