{"id":7541,"date":"2026-03-03T22:51:43","date_gmt":"2026-03-04T03:51:43","guid":{"rendered":"https:\/\/observatorioarmenia.org\/site\/?p=7541"},"modified":"2026-03-03T22:51:45","modified_gmt":"2026-03-04T03:51:45","slug":"observatorio-economico-los-cuenta-propia-en-armenia","status":"publish","type":"post","link":"https:\/\/observatorioarmenia.org\/site\/uncategorized\/observatorio-economico-los-cuenta-propia-en-armenia\/","title":{"rendered":"Observatorio Econ\u00f3mico: los cuenta propia en Armenia"},"content":{"rendered":"\n<h2 class=\"wp-block-heading\">I. Contexto<\/h2>\n\n\n\n<p>Para el trimestre m\u00f3vil noviembre 2025 a enero 2026, Armenia tiene una estructura de empleo marcadamente informal: el 42,6% de sus ocupados son trabajadores por cuenta propia, la proporci\u00f3n m\u00e1s alta de las cuatro ciudades, mientras que solo el 44,1% son empleados particulares. En Manizales y Pereira la relaci\u00f3n se invierte: cerca del 59-60% son asalariados del sector privado y alrededor del 30% son cuenta propia, lo que indica una estructura m\u00e1s formalizada. Ibagu\u00e9 se ubica en un punto intermedio con 55,9% de empleo particular y 31,9% de cuenta propia.<\/p>\n\n\n\n<p>Los modelos econom\u00e9tricos de la Secretar\u00eda de Hacienda sugieren que la <strong>cuenta propia funciona como \u201camortiguador\u201d<\/strong> del mercado laboral:<\/p>\n\n\n\n<ul class=\"wp-block-list\">\n<li><strong>Cuando el desempleo aumenta<\/strong>, la cuenta propia tiende a subir, lo que indica autoempleo por necesidad.<\/li>\n\n\n\n<li><strong>Cuando la ocupaci\u00f3n crece<\/strong>, inicialmente tambi\u00e9n puede subir la cuenta propia debido al dinamismo econ\u00f3mico, pero con rezago parte de ese aumento se revierte, lo que significa una transici\u00f3n hacia empleo asalariado.<\/li>\n\n\n\n<li><strong>El empleo particular<\/strong> no es un sustituto instant\u00e1neo: su relaci\u00f3n con cuenta propia tiene <strong>rezagos y cambios de signo<\/strong>, coherente con complementariedad de corto plazo y sustituci\u00f3n de mediano plazo.<\/li>\n<\/ul>\n\n\n\n<h2 class=\"wp-block-heading\">II. Metodolog\u00eda<\/h2>\n\n\n\n<p>Se tomaron las variables (en miles): CUEPRO (cuenta propia), DES (desocupados), OCU (ocupados), INA (inactivos) y EMPART (empleados particulares). La variable en miles de millones: VABREAL (valor agregado bruto real). \u00cdndice: IPCAMX (IPC de Armenia). Todas las series se transformaron a logaritmos para trabajar en elasticidades aproximadas.<\/p>\n\n\n\n<p>Se explora la siguiente relaci\u00f3n causal:<\/p>\n\n\n\n<p class=\"has-text-align-center\">CUEPRO = F(DES, OCU, INA, EMPART, VABREAL, IPCAMX)<\/p>\n\n\n\n<p>Se probar\u00e1n cuatro modelos para analizar los cuenta propia:<\/p>\n\n\n\n<ul class=\"wp-block-list\">\n<li>VAR: Vectores atorregresivos<\/li>\n\n\n\n<li>VEC: Vectores de correcci\u00f3n de errores<\/li>\n\n\n\n<li>ARDL: Autorregresivo de rezago distribuido<\/li>\n\n\n\n<li>ARDL-ECM: Autorregresivo de rezago distribuido en Correcci\u00f3n de Errores<\/li>\n<\/ul>\n\n\n\n<p>Con el mejor, se analizar\u00e1 la din\u00e1mica y los efectos de trasmisi\u00f3n que determinan los cuenta propia en Armenia.<\/p>\n\n\n\n<h2 class=\"wp-block-heading\">III. Resultados<\/h2>\n\n\n\n<p>El mejor modelo para representar los datos fue el ARDL. Entonces, se estim\u00f3 un ARDL(p, q) con determin\u00edsticos (constante + tendencia). Se exploraron rezagos m\u00e1ximos p\u22644 y q\u22644; la selecci\u00f3n final se hizo con AIC.<\/p>\n\n\n\n<p><strong>Tabla 1. Diagn\u00f3sticos del ARDL estimado<\/strong><\/p>\n\n\n\n<figure class=\"wp-block-table aligncenter\"><table class=\"has-fixed-layout\"><tbody><tr><td>M\u00e9trica<\/td><td>Valor<\/td><\/tr><tr><td>N (obs.)<\/td><td>40<\/td><\/tr><tr><td>p (rezagos CUEPRO)<\/td><td>ver modelo<\/td><\/tr><tr><td>q (rezagos regresores)<\/td><td>{&#8216;DES&#8217;: [0, 1, 2, 3, 4], &#8216;OCU&#8217;: [0, 1, 2, 3], &#8216;INA&#8217;: [0, 1, 2, 3, 4], &#8216;EMPART&#8217;: [0, 1, 2, 3, 4], &#8216;VABREAL&#8217;: [0, 1, 2, 3, 4], &#8216;IPCAMX&#8217;: [0, 1, 2, 3]}<\/td><\/tr><tr><td>Trend<\/td><td>constante + tendencia<\/td><\/tr><tr><td>Log-likelihood<\/td><td>118.102<\/td><\/tr><tr><td>AIC<\/td><td>-166.204<\/td><\/tr><tr><td>BIC<\/td><td>-107.0932<\/td><\/tr><\/tbody><\/table><\/figure>\n\n\n\n<p>La estimaci\u00f3n de los par\u00e1metros del modelo arroj\u00f3 los siguientes resultados:<\/p>\n\n\n\n<p><strong>Tabla 2. Coeficientes ARDL (t\u00e9rminos relevantes)<\/strong><\/p>\n\n\n\n<figure class=\"wp-block-table aligncenter\"><table class=\"has-fixed-layout\"><tbody><tr><td>Variable<\/td><td>Coef.<\/td><td>Std. Err.<\/td><td>t<\/td><td>p-value<\/td><td>Sig.<\/td><\/tr><tr><td>const<\/td><td>-24.2854<\/td><td>13.92<\/td><td>-1.7446<\/td><td>0.1317<\/td><td>&nbsp;<\/td><\/tr><tr><td>trend<\/td><td>-0.0724<\/td><td>0.0211<\/td><td>-3.4258<\/td><td>0.014<\/td><td>**<\/td><\/tr><tr><td>CUEPRO.L3<\/td><td>1.3479<\/td><td>0.4195<\/td><td>3.2131<\/td><td>0.0183<\/td><td>**<\/td><\/tr><tr><td>DES.L0<\/td><td>0.5218<\/td><td>0.1988<\/td><td>2.6243<\/td><td>0.0394<\/td><td>**<\/td><\/tr><tr><td>DES.L2<\/td><td>0.3683<\/td><td>0.1801<\/td><td>2.0448<\/td><td>0.0869<\/td><td>*<\/td><\/tr><tr><td>OCU.L0<\/td><td>3.3674<\/td><td>0.7756<\/td><td>4.3415<\/td><td>0.0049<\/td><td>***<\/td><\/tr><tr><td>OCU.L3<\/td><td>-4.2761<\/td><td>1.3185<\/td><td>-3.2432<\/td><td>0.0176<\/td><td>**<\/td><\/tr><tr><td>INA.L0<\/td><td>2.9415<\/td><td>0.9846<\/td><td>2.9874<\/td><td>0.0244<\/td><td>**<\/td><\/tr><tr><td>INA.L4<\/td><td>-1.9205<\/td><td>0.6956<\/td><td>-2.7611<\/td><td>0.0328<\/td><td>**<\/td><\/tr><tr><td>EMPART.L3<\/td><td>1.6124<\/td><td>0.5858<\/td><td>2.7525<\/td><td>0.0332<\/td><td>**<\/td><\/tr><tr><td>EMPART.L4<\/td><td>-0.7901<\/td><td>0.3065<\/td><td>-2.5778<\/td><td>0.0419<\/td><td>**<\/td><\/tr><\/tbody><\/table><figcaption class=\"wp-element-caption\">Asteriscos: *** p&lt;0.01, ** p&lt;0.05, * p&lt;0.10.<\/figcaption><\/figure>\n\n\n\n<p>Con base en los resultados del <strong>ARDL en logaritmos<\/strong> (2015T1\u20132025T4) para <strong>ln(CUEPRO)<\/strong>, la lectura econ\u00f3mica m\u00e1s clara es que <strong>la cuenta propia est\u00e1 dominada por la din\u00e1mica del mercado laboral<\/strong> (ocupaci\u00f3n, inactividad, empleo particular y desempleo), mientras que <strong>actividad real (VABREAL) e inflaci\u00f3n (IPCAMX)<\/strong> no aparecen como determinantes estad\u00edsticamente robustos <em>dentro de esta especificaci\u00f3n<\/em>.<\/p>\n\n\n<div class=\"wp-block-image\">\n<figure class=\"aligncenter size-full is-resized\"><img loading=\"lazy\" decoding=\"async\" width=\"595\" height=\"284\" src=\"https:\/\/observatorioarmenia.org\/site\/wp-content\/uploads\/2026\/03\/GRAFICA.png\" alt=\"\" class=\"wp-image-7548\" style=\"width:811px;height:auto\" srcset=\"https:\/\/observatorioarmenia.org\/site\/wp-content\/uploads\/2026\/03\/GRAFICA.png 595w, https:\/\/observatorioarmenia.org\/site\/wp-content\/uploads\/2026\/03\/GRAFICA-300x143.png 300w\" sizes=\"auto, (max-width: 595px) 100vw, 595px\" \/><figcaption class=\"wp-element-caption\">Fuente: Secretar\u00eda de Hacienda de Armenia (2026)<\/figcaption><\/figure>\n<\/div>\n\n\n<h2 class=\"wp-block-heading\">III. Qu\u00e9 dice econ\u00f3micamente el modelo<\/h2>\n\n\n\n<p>Un ARDL modela <strong>ajustes con rezagos<\/strong>: la cuenta propia reacciona hoy no solo a lo que pasa hoy en el mercado laboral, sino a lo que pas\u00f3 <strong>hace 2\u20134 trimestres<\/strong>. En t\u00e9rminos econ\u00f3micos, esto es consistente con:<\/p>\n\n\n\n<ul class=\"wp-block-list\">\n<li><strong>Transici\u00f3n laboral lenta<\/strong>: la gente tarda en pasar de empleo asalariado y desempleo a autoempleo, o viceversa.<\/li>\n\n\n\n<li><strong>Efectos \u201cmemoria\u201d<\/strong>: decisiones de informalidad y cuenta propia se consolidan con rezago.<\/li>\n\n\n\n<li><strong>Choques grandes 2020\u20132021<\/strong> (pandemia): dejan din\u00e1mica persistente.<\/li>\n<\/ul>\n\n\n\n<p><strong>3.1 Resultados clave (corto plazo) y su interpretaci\u00f3n<\/strong><\/p>\n\n\n\n<p>En el ARDL que se seleccion\u00f3 por AIC (con constante y tendencia), los t\u00e9rminos con evidencia estad\u00edstica (\u2248 p\u22640.10) fueron principalmente laborales:<\/p>\n\n\n\n<p><strong>a) Ocupaci\u00f3n total (OCU)<\/strong><\/p>\n\n\n\n<ul class=\"wp-block-list\">\n<li><strong>OCU contempor\u00e1nea (L0) positiva y significativa<\/strong>: cuando sube la ocupaci\u00f3n, <strong>tambi\u00e9n crece la cuenta propia<\/strong> en el mismo trimestre. Lo anterior significa que la expansi\u00f3n del empleo puede venir acompa\u00f1ada de expansi\u00f3n del autoempleo (demanda y actividad) y\/o formalizaci\u00f3n incompleta: el \u201cboom\u201d del mercado laboral puede elevar tanto empleo asalariado como autoempleo.<\/li>\n\n\n\n<li><strong>OCU rezagada 3 trimestres (L3) negativa y significativa<\/strong>: parte del aumento previo de la ocupaci\u00f3n termina <strong>reduciendo<\/strong> la cuenta propia despu\u00e9s. Con rezago, la mejora del empleo puede \u201cabsorber\u201d autoempleo (migraci\u00f3n hacia empleo asalariado), o bien se corrige un aumento inicial de autoempleo \u201cpor necesidad\u201d.<\/li>\n<\/ul>\n\n\n\n<p><strong>Conclusi\u00f3n:<\/strong> OCU muestra una <strong>respuesta mixta<\/strong> (sube CUEPRO al inicio, pero luego corrige). Esto suena a un mecanismo de <strong>ciclo y reasignaci\u00f3n<\/strong>.<\/p>\n\n\n\n<p><strong>b) Inactivos (INA)<\/strong><\/p>\n\n\n\n<ul class=\"wp-block-list\">\n<li><strong>INA contempor\u00e1nea (L0) positiva<\/strong> y <strong>INA a 4 trimestres (L4) negativa<\/strong>.<br>Aumentos en inactividad pueden asociarse con crecimiento inmediato de cuenta propia por \u201cmicro-emprendimientos de subsistencia\u201d, pero a un a\u00f1o vista tiende a operar la correcci\u00f3n (salida del mercado o reinserci\u00f3n).<\/li>\n<\/ul>\n\n\n\n<p><strong>c) Empleado particular (EMPART)<\/strong><\/p>\n\n\n\n<ul class=\"wp-block-list\">\n<li><strong>EMPART L3 positivo<\/strong> y <strong>EMPART L4 negativo<\/strong>.<br>El empleo asalariado privado y la cuenta propia no son simples sustitutos; hay un <strong>encadenamiento temporal<\/strong>: mejoras del empleo particular pueden dinamizar actividad econ\u00f3mica que empuja cuenta propia (proveedores, servicios, complementariedades), pero m\u00e1s adelante puede dominar la sustituci\u00f3n (m\u00e1s empleo formal \u201cjala\u201d gente fuera del autoempleo).<\/li>\n<\/ul>\n\n\n\n<p><strong>d) Desocupados (DES)<\/strong><\/p>\n\n\n\n<ul class=\"wp-block-list\">\n<li><strong>DES L0 positivo<\/strong> y <strong>DES L2 positivo (marginal)<\/strong>.<br>Componente de \u201ccuenta propia por necesidad\u201d: cuando sube el desempleo, parte de la gente entra a autoempleo r\u00e1pidamente (y otro componente aparece con rezago de 2 trimestres).<\/li>\n<\/ul>\n\n\n\n<p><strong>e) Tendencia (trend) negativa<\/strong><\/p>\n\n\n\n<ul class=\"wp-block-list\">\n<li>Una <strong>tendencia determin\u00edstica negativa<\/strong> (condicional a las dem\u00e1s variables) sugiere que, una vez controlas por el ciclo laboral, la cuenta propia tendr\u00eda un <strong>sesgo descendente<\/strong> en el per\u00edodo (posible formalizaci\u00f3n gradual, cambios estructurales o correcci\u00f3n post-shock).<br>Ojo: con pandemia en medio, esa tendencia puede estar capturando <strong>rupturas estructurales<\/strong>.<\/li>\n<\/ul>\n\n\n\n<p><strong>3.2 Qu\u00e9 NO est\u00e1 saliendo fuerte: VABREAL e IPCAMX<\/strong><\/p>\n\n\n\n<p>En esta especificaci\u00f3n, los coeficientes de <strong>VABREAL<\/strong> e <strong>IPCAMX<\/strong> (y sus rezagos) no aparecen significativos.<\/p>\n\n\n\n<ul class=\"wp-block-list\">\n<li>No significa que el crecimiento y la inflaci\u00f3n \u201cno importen\u201d, sino que <strong>su efecto sobre cuenta propia ya est\u00e1 mediado<\/strong> por el mercado laboral (OCU\/DES\/EMPART\/INA) o que su se\u00f1al queda tapada por:\n<ul class=\"wp-block-list\">\n<li>multicolinealidad (variables laborales ya capturan el ciclo),<\/li>\n\n\n\n<li>muestra corta,<\/li>\n\n\n\n<li>quiebre 2020\u20132021,<\/li>\n\n\n\n<li>o necesidad de otra especificaci\u00f3n (p.ej. ECM bien identificado, dummies de pandemia, tendencia segmentada).<\/li>\n<\/ul>\n<\/li>\n<\/ul>\n\n\n\n<p><strong>3.3 Mensaje econ\u00f3mico integrado<\/strong><\/p>\n\n\n\n<p>El ARDL sugiere que la <strong>cuenta propia funciona como \u201camortiguador\u201d<\/strong> del mercado laboral:<\/p>\n\n\n\n<ul class=\"wp-block-list\">\n<li><strong>Cuando el desempleo aumenta<\/strong>, la cuenta propia tiende a subir (autoempleo por necesidad).<\/li>\n\n\n\n<li><strong>Cuando la ocupaci\u00f3n crece<\/strong>, inicialmente tambi\u00e9n puede subir la cuenta propia (dinamismo econ\u00f3mico), pero con rezago parte de ese aumento se revierte (transici\u00f3n hacia empleo asalariado).<\/li>\n\n\n\n<li><strong>El empleo particular<\/strong> no es un sustituto instant\u00e1neo: su relaci\u00f3n con cuenta propia tiene <strong>rezagos y cambios de signo<\/strong>, coherente con complementariedad de corto plazo y sustituci\u00f3n de mediano plazo.<\/li>\n<\/ul>\n\n\n\n<p><strong>3.4 Implicaciones de pol\u00edtica local (muy accionables)<\/strong><\/p>\n\n\n\n<ol start=\"1\" class=\"wp-block-list\">\n<li><strong>Pol\u00edticas antic\u00edclicas<\/strong>: en deterioro del empleo, aumentar\u00e1 cuenta propia por necesidad, entonces enfocar apoyo en:\n<ul class=\"wp-block-list\">\n<li>liquidez e ingresos temporales,<\/li>\n\n\n\n<li>formalizaci\u00f3n simplificada,<\/li>\n\n\n\n<li>capacitaci\u00f3n r\u00e1pida y acceso a mercados.<\/li>\n<\/ul>\n<\/li>\n\n\n\n<li><strong>Cuando mejora el empleo formal<\/strong>, es buen momento para:\n<ul class=\"wp-block-list\">\n<li>\u201cpuentes\u201d de transici\u00f3n (seguridad social flexible, incentivos a formalizar),<\/li>\n\n\n\n<li>convertir cuenta propia de subsistencia en emprendimientos sostenibles.<\/li>\n<\/ul>\n<\/li>\n\n\n\n<li><strong>Segmentar<\/strong>: cuenta propia \u201cpor oportunidad\u201d vs \u201cpor necesidad\u201d (el ARDL sugiere presencia de ambas, por los signos mixtos con OCU\/EMPART).<\/li>\n<\/ol>\n\n\n\n<p><\/p>\n","protected":false},"excerpt":{"rendered":"<p>I. Contexto Para el trimestre m\u00f3vil noviembre 2025 a enero 2026, Armenia tiene una estructura de empleo marcadamente informal: el 42,6% de sus ocupados son trabajadores por cuenta propia, la proporci\u00f3n m\u00e1s alta de las cuatro ciudades, mientras que solo el 44,1% son empleados particulares. En Manizales y Pereira la<\/p>\n<div class=\"continue-reading-wrapper\"><a href=\"https:\/\/observatorioarmenia.org\/site\/uncategorized\/observatorio-economico-los-cuenta-propia-en-armenia\/\" class=\"continue-reading\">Ampliar informaci\u00f3n<i class=\"ion-ios-arrow-right\"><\/i><\/a><\/div>\n","protected":false},"author":1,"featured_media":0,"comment_status":"open","ping_status":"closed","sticky":false,"template":"","format":"standard","meta":{"footnotes":""},"categories":[1],"tags":[],"class_list":["post-7541","post","type-post","status-publish","format-standard","hentry","category-uncategorized"],"_links":{"self":[{"href":"https:\/\/observatorioarmenia.org\/site\/wp-json\/wp\/v2\/posts\/7541","targetHints":{"allow":["GET"]}}],"collection":[{"href":"https:\/\/observatorioarmenia.org\/site\/wp-json\/wp\/v2\/posts"}],"about":[{"href":"https:\/\/observatorioarmenia.org\/site\/wp-json\/wp\/v2\/types\/post"}],"author":[{"embeddable":true,"href":"https:\/\/observatorioarmenia.org\/site\/wp-json\/wp\/v2\/users\/1"}],"replies":[{"embeddable":true,"href":"https:\/\/observatorioarmenia.org\/site\/wp-json\/wp\/v2\/comments?post=7541"}],"version-history":[{"count":10,"href":"https:\/\/observatorioarmenia.org\/site\/wp-json\/wp\/v2\/posts\/7541\/revisions"}],"predecessor-version":[{"id":7553,"href":"https:\/\/observatorioarmenia.org\/site\/wp-json\/wp\/v2\/posts\/7541\/revisions\/7553"}],"wp:attachment":[{"href":"https:\/\/observatorioarmenia.org\/site\/wp-json\/wp\/v2\/media?parent=7541"}],"wp:term":[{"taxonomy":"category","embeddable":true,"href":"https:\/\/observatorioarmenia.org\/site\/wp-json\/wp\/v2\/categories?post=7541"},{"taxonomy":"post_tag","embeddable":true,"href":"https:\/\/observatorioarmenia.org\/site\/wp-json\/wp\/v2\/tags?post=7541"}],"curies":[{"name":"wp","href":"https:\/\/api.w.org\/{rel}","templated":true}]}}