{"id":5521,"date":"2025-05-30T13:36:14","date_gmt":"2025-05-30T18:36:14","guid":{"rendered":"https:\/\/observatorioarmenia.org\/site\/?p=5521"},"modified":"2025-05-30T13:36:16","modified_gmt":"2025-05-30T18:36:16","slug":"observatorio-economico-td-trim-movil-febrero-abril-2025-armenia-10-1-ibague-14-7-manizales-10-2-pereira-9-6-y-nacional-9-6","status":"publish","type":"post","link":"https:\/\/observatorioarmenia.org\/site\/uncategorized\/observatorio-economico-td-trim-movil-febrero-abril-2025-armenia-10-1-ibague-14-7-manizales-10-2-pereira-9-6-y-nacional-9-6\/","title":{"rendered":"Observatorio Econ\u00f3mico: TD trim. m\u00f3vil febrero abril 2025 Armenia 10.1%, Ibagu\u00e9 14.7%, Manizales 10.2%, Pereira 9.6% y nacional 9.6%"},"content":{"rendered":"\n<p>I. Contexto<\/p>\n\n\n\n<p>La tasa de desempleo del trimestre m\u00f3vil febrero abril de 2025 fue para la ciudad de Armenia 10.1%, ocupando la posici\u00f3n 13 entre 23 ciudades y disminuyendo -1.9% respecto al trimestre del a\u00f1o anterior (13\/23, -1.8%), Ibagu\u00e9 14.7% (3\/23, -0.5%), Manizales 10.2% (12\/23, -1.9%), Pereira 9.6% (16\/23, -1.4%) y nacional 9.6% (-1.6%).<\/p>\n\n\n\n<p>La informalidad laboral fue para Armenia 45.0% (17\/23, +4.5%), Ibagu\u00e9 49.2% (15\/23, 0.0%), Manizales 35.1% (23\/23, +0.5), Pereira 40.8% (20\/23, +1.4%) y la nacional 56.8% (+0.5%).<\/p>\n\n\n\n<p>El desempleo juvenil fue para Armenia 16.5% (17\/23, -3.4%), Ibagu\u00e9 24.9% (4\/23, +2.3%), Manizales 17.5% (14\/23, -0.6%), Pereira 16.7% (16\/23, -0.9%) y nacional 16.0% (-3.2%).<\/p>\n\n\n\n<p>II. Mercado Laboral de Armenia<\/p>\n\n\n\n<p>La ciudad de Armenia aument\u00f3 su tasa global de participaci\u00f3n en +2.5%, la de ocupaci\u00f3n en +3.3% y disminuy\u00f3 la tasa de desempleo en -1.8%. As\u00ed, la fuerza de trabajo aument\u00f3 en 8.567 personas, la poblaci\u00f3n ocupada en 10.402 personas, la poblaci\u00f3n desocupada disminuy\u00f3 en -1.835 personas y los inactivos en -5.146 personas. La generaci\u00f3n de puestos de trabajo en el corto plazo fue de 17.413 personas.<\/p>\n\n\n<div class=\"wp-block-image\">\n<figure class=\"aligncenter size-large\"><img loading=\"lazy\" decoding=\"async\" width=\"1024\" height=\"394\" src=\"https:\/\/observatorioarmenia.org\/site\/wp-content\/uploads\/2025\/05\/1.INDICADOR-1024x394.png\" alt=\"\" class=\"wp-image-5522\" srcset=\"https:\/\/observatorioarmenia.org\/site\/wp-content\/uploads\/2025\/05\/1.INDICADOR-1024x394.png 1024w, https:\/\/observatorioarmenia.org\/site\/wp-content\/uploads\/2025\/05\/1.INDICADOR-300x116.png 300w, https:\/\/observatorioarmenia.org\/site\/wp-content\/uploads\/2025\/05\/1.INDICADOR-768x296.png 768w, https:\/\/observatorioarmenia.org\/site\/wp-content\/uploads\/2025\/05\/1.INDICADOR.png 1119w\" sizes=\"auto, (max-width: 1024px) 100vw, 1024px\" \/><figcaption class=\"wp-element-caption\">Fuente: Secretar\u00eda de Hacienda de Armenia con datos Dane (2025)<\/figcaption><\/figure>\n<\/div>\n\n\n<p>Por posici\u00f3n econ\u00f3mica, los puestos de trabajo de empleados fueron 3.370 mientras que los cuenta propia fueron 7.032 personas. Por cada cuenta propia se gener\u00f3 0.48 empleos.<\/p>\n\n\n\n<figure class=\"wp-block-image size-large\"><img loading=\"lazy\" decoding=\"async\" width=\"1024\" height=\"299\" src=\"https:\/\/observatorioarmenia.org\/site\/wp-content\/uploads\/2025\/05\/2.-OCU-POSICION-1024x299.png\" alt=\"\" class=\"wp-image-5524\" srcset=\"https:\/\/observatorioarmenia.org\/site\/wp-content\/uploads\/2025\/05\/2.-OCU-POSICION-1024x299.png 1024w, https:\/\/observatorioarmenia.org\/site\/wp-content\/uploads\/2025\/05\/2.-OCU-POSICION-300x87.png 300w, https:\/\/observatorioarmenia.org\/site\/wp-content\/uploads\/2025\/05\/2.-OCU-POSICION-768x224.png 768w, https:\/\/observatorioarmenia.org\/site\/wp-content\/uploads\/2025\/05\/2.-OCU-POSICION.png 1077w\" sizes=\"auto, (max-width: 1024px) 100vw, 1024px\" \/><figcaption class=\"wp-element-caption\">Fuente: Secretar\u00eda de Hacienda de Armenia con datos Dane (2025)<\/figcaption><\/figure>\n\n\n\n<p>Por rama econ\u00f3mica, los alojamientos y servicios de comida generaron 3.647 puestos, comercio 2.699, construcci\u00f3n 1.591, actividades inmobiliarias  1.774, construcci\u00f3n 1.591. Los sectores de mayor contracci\u00f3n fueron administraci\u00f3n p\u00fablica con -2.160 personas e informaci\u00f3n y comunicaciones con -450 personas.<\/p>\n\n\n\n<figure class=\"wp-block-image size-full\"><img loading=\"lazy\" decoding=\"async\" width=\"883\" height=\"468\" src=\"https:\/\/observatorioarmenia.org\/site\/wp-content\/uploads\/2025\/05\/3.-OCU-RAMA-1.png\" alt=\"\" class=\"wp-image-5527\" srcset=\"https:\/\/observatorioarmenia.org\/site\/wp-content\/uploads\/2025\/05\/3.-OCU-RAMA-1.png 883w, https:\/\/observatorioarmenia.org\/site\/wp-content\/uploads\/2025\/05\/3.-OCU-RAMA-1-300x159.png 300w, https:\/\/observatorioarmenia.org\/site\/wp-content\/uploads\/2025\/05\/3.-OCU-RAMA-1-768x407.png 768w\" sizes=\"auto, (max-width: 883px) 100vw, 883px\" \/><figcaption class=\"wp-element-caption\">Fuente: Secretar\u00eda de Hacienda de Armenia con datos Dane (2025).<\/figcaption><\/figure>\n\n\n\n<p>La tasa de desempleo del a\u00f1o m\u00f3vil mayo de 2024 abril 2025 es de 10.5%.<\/p>\n\n\n<div class=\"wp-block-image\">\n<figure class=\"aligncenter size-full\"><img loading=\"lazy\" decoding=\"async\" width=\"569\" height=\"430\" src=\"https:\/\/observatorioarmenia.org\/site\/wp-content\/uploads\/2025\/05\/AM24-2.png\" alt=\"\" class=\"wp-image-5538\" srcset=\"https:\/\/observatorioarmenia.org\/site\/wp-content\/uploads\/2025\/05\/AM24-2.png 569w, https:\/\/observatorioarmenia.org\/site\/wp-content\/uploads\/2025\/05\/AM24-2-300x227.png 300w\" sizes=\"auto, (max-width: 569px) 100vw, 569px\" \/><figcaption class=\"wp-element-caption\">Fuente: Secretar\u00eda de Hacienda de Armenia con datos Dane (2025)<\/figcaption><\/figure>\n<\/div>\n\n\n<p>III. Mercado Laboral de Ibagu\u00e9<\/p>\n\n\n\n<p>La ciudad de Ibagu\u00e9 aument\u00f3 su tasa global de participaci\u00f3n en +3.9%, la de ocupaci\u00f3n en +3.6% y disminuy\u00f3 la tasa de desempleo en -0.5%. As\u00ed, la fuerza de trabajo aument\u00f3 en 18.192 personas, la poblaci\u00f3n ocupada en 16.800 personas, la poblaci\u00f3n desocupada aument\u00f3 en 1.392 personas y los inactivos disminuyeron en -14.768 personas. La generaci\u00f3n de puestos de trabajo en el corto plazo fue de 30.175 personas.<\/p>\n\n\n\n<figure class=\"wp-block-image size-full\"><img loading=\"lazy\" decoding=\"async\" width=\"1119\" height=\"431\" src=\"https:\/\/observatorioarmenia.org\/site\/wp-content\/uploads\/2025\/05\/1.INDICADOR-1.png\" alt=\"\" class=\"wp-image-5531\" srcset=\"https:\/\/observatorioarmenia.org\/site\/wp-content\/uploads\/2025\/05\/1.INDICADOR-1.png 1119w, https:\/\/observatorioarmenia.org\/site\/wp-content\/uploads\/2025\/05\/1.INDICADOR-1-300x116.png 300w, https:\/\/observatorioarmenia.org\/site\/wp-content\/uploads\/2025\/05\/1.INDICADOR-1-1024x394.png 1024w, https:\/\/observatorioarmenia.org\/site\/wp-content\/uploads\/2025\/05\/1.INDICADOR-1-768x296.png 768w\" sizes=\"auto, (max-width: 1119px) 100vw, 1119px\" \/><figcaption class=\"wp-element-caption\">Fuente: Secretar\u00eda de Hacienda de Armenia con datos Dane (2025).<\/figcaption><\/figure>\n\n\n\n<p>Por posici\u00f3n econ\u00f3mica, los puestos de trabajo de empleados fueron 22.345 mientras que los cuenta propia fueron -5.545 personas. Por cada cuenta propia que disminuy\u00f3 se gener\u00f3 4.03 empleados.<\/p>\n\n\n\n<figure class=\"wp-block-image size-large\"><img loading=\"lazy\" decoding=\"async\" width=\"1024\" height=\"299\" src=\"https:\/\/observatorioarmenia.org\/site\/wp-content\/uploads\/2025\/05\/2.-OCU-POSICION-1-1024x299.png\" alt=\"\" class=\"wp-image-5533\" srcset=\"https:\/\/observatorioarmenia.org\/site\/wp-content\/uploads\/2025\/05\/2.-OCU-POSICION-1-1024x299.png 1024w, https:\/\/observatorioarmenia.org\/site\/wp-content\/uploads\/2025\/05\/2.-OCU-POSICION-1-300x87.png 300w, https:\/\/observatorioarmenia.org\/site\/wp-content\/uploads\/2025\/05\/2.-OCU-POSICION-1-768x224.png 768w, https:\/\/observatorioarmenia.org\/site\/wp-content\/uploads\/2025\/05\/2.-OCU-POSICION-1.png 1077w\" sizes=\"auto, (max-width: 1024px) 100vw, 1024px\" \/><figcaption class=\"wp-element-caption\">Fuente: Secretar\u00eda de Hacienda de Armenia con datos Dane (2025)<\/figcaption><\/figure>\n\n\n\n<p>Por rama econ\u00f3mica, industria manufacturera aument\u00f3 5.948 ocupados, los alojamientos y servicios de comida 4.846, administraci\u00f3n p\u00fablica 1.988, actividades inmobiliarias 1.896 y actividades art\u00edsticas 1.683. La mayor contracci\u00f3n fue para informaci\u00f3n y comunicaciones con -1.294 personas. <\/p>\n\n\n\n<figure class=\"wp-block-image size-full\"><img loading=\"lazy\" decoding=\"async\" width=\"883\" height=\"468\" src=\"https:\/\/observatorioarmenia.org\/site\/wp-content\/uploads\/2025\/05\/3.-OCU-RAMA-2.png\" alt=\"\" class=\"wp-image-5535\" srcset=\"https:\/\/observatorioarmenia.org\/site\/wp-content\/uploads\/2025\/05\/3.-OCU-RAMA-2.png 883w, https:\/\/observatorioarmenia.org\/site\/wp-content\/uploads\/2025\/05\/3.-OCU-RAMA-2-300x159.png 300w, https:\/\/observatorioarmenia.org\/site\/wp-content\/uploads\/2025\/05\/3.-OCU-RAMA-2-768x407.png 768w\" sizes=\"auto, (max-width: 883px) 100vw, 883px\" \/><figcaption class=\"wp-element-caption\">Fuente: Secretar\u00eda de Hacienda de Armenia con datos Dane (2025).<\/figcaption><\/figure>\n\n\n\n<p>La tasa de desempleo del a\u00f1o m\u00f3vil mayo de 2024 abril 2025 converge a 13.5%.<\/p>\n\n\n<div class=\"wp-block-image\">\n<figure class=\"aligncenter size-full\"><img loading=\"lazy\" decoding=\"async\" width=\"569\" height=\"430\" src=\"https:\/\/observatorioarmenia.org\/site\/wp-content\/uploads\/2025\/05\/AM24-1.png\" alt=\"\" class=\"wp-image-5537\" srcset=\"https:\/\/observatorioarmenia.org\/site\/wp-content\/uploads\/2025\/05\/AM24-1.png 569w, https:\/\/observatorioarmenia.org\/site\/wp-content\/uploads\/2025\/05\/AM24-1-300x227.png 300w\" sizes=\"auto, (max-width: 569px) 100vw, 569px\" \/><figcaption class=\"wp-element-caption\">Fuente: Secretar\u00eda de Hacienda de Armenia con datos Dane (2025)<\/figcaption><\/figure>\n<\/div>\n\n\n<p>IV. Mercado Laboral de Manizales<\/p>\n\n\n\n<p>La ciudad de Manizales aument\u00f3 su tasa global de participaci\u00f3n en +1.0%, la de ocupaci\u00f3n en +2.0% y disminuy\u00f3 la tasa de desempleo en -1.9%. As\u00ed, la fuerza de trabajo aument\u00f3 en 7.913 personas, la poblaci\u00f3n ocupada en 11.744 personas, la poblaci\u00f3n desocupada disminuy\u00f3 en -3.831 personas y los inactivos disminuyeron en -1.639 personas. La generaci\u00f3n de puestos de trabajo en el corto plazo fue de 17.213 personas.<\/p>\n\n\n<div class=\"wp-block-image\">\n<figure class=\"aligncenter size-large\"><img loading=\"lazy\" decoding=\"async\" width=\"1024\" height=\"394\" src=\"https:\/\/observatorioarmenia.org\/site\/wp-content\/uploads\/2025\/05\/1.INDICADOR-2-1024x394.png\" alt=\"\" class=\"wp-image-5540\" srcset=\"https:\/\/observatorioarmenia.org\/site\/wp-content\/uploads\/2025\/05\/1.INDICADOR-2-1024x394.png 1024w, https:\/\/observatorioarmenia.org\/site\/wp-content\/uploads\/2025\/05\/1.INDICADOR-2-300x116.png 300w, https:\/\/observatorioarmenia.org\/site\/wp-content\/uploads\/2025\/05\/1.INDICADOR-2-768x296.png 768w, https:\/\/observatorioarmenia.org\/site\/wp-content\/uploads\/2025\/05\/1.INDICADOR-2.png 1119w\" sizes=\"auto, (max-width: 1024px) 100vw, 1024px\" \/><figcaption class=\"wp-element-caption\">Fuente: Secretar\u00eda de Hacienda de Armenia con datos Dane (2025)<\/figcaption><\/figure>\n<\/div>\n\n\n<p>Por posici\u00f3n econ\u00f3mica, los puestos de trabajo de empleados generados fueron 6.485 mientras que los cuenta propia fueron 5259 personas. Por cada cuenta propia se gener\u00f3 1.23 empleados.<\/p>\n\n\n\n<figure class=\"wp-block-image size-large\"><img loading=\"lazy\" decoding=\"async\" width=\"1024\" height=\"298\" src=\"https:\/\/observatorioarmenia.org\/site\/wp-content\/uploads\/2025\/05\/2.-OCU-POSICION-3-1024x298.png\" alt=\"\" class=\"wp-image-5544\" srcset=\"https:\/\/observatorioarmenia.org\/site\/wp-content\/uploads\/2025\/05\/2.-OCU-POSICION-3-1024x298.png 1024w, https:\/\/observatorioarmenia.org\/site\/wp-content\/uploads\/2025\/05\/2.-OCU-POSICION-3-300x87.png 300w, https:\/\/observatorioarmenia.org\/site\/wp-content\/uploads\/2025\/05\/2.-OCU-POSICION-3-768x224.png 768w, https:\/\/observatorioarmenia.org\/site\/wp-content\/uploads\/2025\/05\/2.-OCU-POSICION-3.png 1078w\" sizes=\"auto, (max-width: 1024px) 100vw, 1024px\" \/><figcaption class=\"wp-element-caption\">Fuente: Secretar\u00eda de Hacienda de Armenia con datos Dane (2025)<\/figcaption><\/figure>\n\n\n\n<p>Por rama econ\u00f3mica, comercio contribuy\u00f3 con 5.280 personas, industria manufacturera con 4.994 y alojamientos y servicios de comida con 2.956 personas. La mayor contracci\u00f3n fue para administraci\u00f3n p\u00fablica con -2.665 y construcci\u00f3n con -1.428 personas.<\/p>\n\n\n<div class=\"wp-block-image\">\n<figure class=\"aligncenter size-full\"><img loading=\"lazy\" decoding=\"async\" width=\"883\" height=\"468\" src=\"https:\/\/observatorioarmenia.org\/site\/wp-content\/uploads\/2025\/05\/3.-OCU-RAMA-3.png\" alt=\"\" class=\"wp-image-5547\" srcset=\"https:\/\/observatorioarmenia.org\/site\/wp-content\/uploads\/2025\/05\/3.-OCU-RAMA-3.png 883w, https:\/\/observatorioarmenia.org\/site\/wp-content\/uploads\/2025\/05\/3.-OCU-RAMA-3-300x159.png 300w, https:\/\/observatorioarmenia.org\/site\/wp-content\/uploads\/2025\/05\/3.-OCU-RAMA-3-768x407.png 768w\" sizes=\"auto, (max-width: 883px) 100vw, 883px\" \/><figcaption class=\"wp-element-caption\">Fuente: Secretar\u00eda de Hacienda de Armenia con datos Dane (2025).<\/figcaption><\/figure>\n<\/div>\n\n\n<p>La tasa de desempleo del a\u00f1o m\u00f3vil mayo de 2024 abril 2025 converge a 10.0%.<\/p>\n\n\n<div class=\"wp-block-image\">\n<figure class=\"aligncenter size-full\"><img loading=\"lazy\" decoding=\"async\" width=\"569\" height=\"430\" src=\"https:\/\/observatorioarmenia.org\/site\/wp-content\/uploads\/2025\/05\/AM24-3.png\" alt=\"\" class=\"wp-image-5549\" srcset=\"https:\/\/observatorioarmenia.org\/site\/wp-content\/uploads\/2025\/05\/AM24-3.png 569w, https:\/\/observatorioarmenia.org\/site\/wp-content\/uploads\/2025\/05\/AM24-3-300x227.png 300w\" sizes=\"auto, (max-width: 569px) 100vw, 569px\" \/><figcaption class=\"wp-element-caption\">Fuente: Secretar\u00eda de Hacienda de Armenia con datos Dane (2025)<\/figcaption><\/figure>\n<\/div>\n\n\n<p>V. Mercado Laboral de Pereira<\/p>\n\n\n\n<p>La ciudad de Pereira aument\u00f3 su tasa global de participaci\u00f3n en +2.8%, la de ocupaci\u00f3n en +3.3% y disminuy\u00f3 la tasa de desempleo en -1.4%. As\u00ed, la fuerza de trabajo aument\u00f3 en 19.740 personas, la poblaci\u00f3n ocupada en 22.271 personas, la poblaci\u00f3n desocupada disminuy\u00f3 en -2.531 personas y los inactivos disminuyeron en -12.412 personas. La generaci\u00f3n de puestos de trabajo en el corto plazo fue de 37.212 personas.<\/p>\n\n\n<div class=\"wp-block-image\">\n<figure class=\"aligncenter size-large\"><img loading=\"lazy\" decoding=\"async\" width=\"1024\" height=\"394\" src=\"https:\/\/observatorioarmenia.org\/site\/wp-content\/uploads\/2025\/05\/1.INDICADOR-3-1024x394.png\" alt=\"\" class=\"wp-image-5551\" srcset=\"https:\/\/observatorioarmenia.org\/site\/wp-content\/uploads\/2025\/05\/1.INDICADOR-3-1024x394.png 1024w, https:\/\/observatorioarmenia.org\/site\/wp-content\/uploads\/2025\/05\/1.INDICADOR-3-300x115.png 300w, https:\/\/observatorioarmenia.org\/site\/wp-content\/uploads\/2025\/05\/1.INDICADOR-3-768x296.png 768w, https:\/\/observatorioarmenia.org\/site\/wp-content\/uploads\/2025\/05\/1.INDICADOR-3.png 1120w\" sizes=\"auto, (max-width: 1024px) 100vw, 1024px\" \/><figcaption class=\"wp-element-caption\">Fuente: Secretar\u00eda de Hacienda de Armenia con datos Dane (2025)<\/figcaption><\/figure>\n<\/div>\n\n\n<p>Por posici\u00f3n econ\u00f3mica, los puestos de trabajo de empleados generados fueron 10.915 mientras que los cuenta propia fueron 11.356 personas. Por cada cuenta propia se gener\u00f3 0.96 empleados.<\/p>\n\n\n\n<figure class=\"wp-block-image size-large\"><img loading=\"lazy\" decoding=\"async\" width=\"1024\" height=\"298\" src=\"https:\/\/observatorioarmenia.org\/site\/wp-content\/uploads\/2025\/05\/2.-OCU-POSICION-4-1024x298.png\" alt=\"\" class=\"wp-image-5553\" srcset=\"https:\/\/observatorioarmenia.org\/site\/wp-content\/uploads\/2025\/05\/2.-OCU-POSICION-4-1024x298.png 1024w, https:\/\/observatorioarmenia.org\/site\/wp-content\/uploads\/2025\/05\/2.-OCU-POSICION-4-300x87.png 300w, https:\/\/observatorioarmenia.org\/site\/wp-content\/uploads\/2025\/05\/2.-OCU-POSICION-4-768x224.png 768w, https:\/\/observatorioarmenia.org\/site\/wp-content\/uploads\/2025\/05\/2.-OCU-POSICION-4.png 1078w\" sizes=\"auto, (max-width: 1024px) 100vw, 1024px\" \/><figcaption class=\"wp-element-caption\">Fuente: Secretar\u00eda de Hacienda de Armenia con datos Dane (2025)<\/figcaption><\/figure>\n\n\n\n<p>Por rama econ\u00f3mica, industrias manufactureras contribuyeron con 9.722 personas, actividades art\u00edsticas con 6.362, actividades inmobiliarias con 3.452. La mayor contracci\u00f3n se dio en administraci\u00f3n p\u00fablica con -5.359 personas y el suministro de servicios con -1.273 personas<\/p>\n\n\n<div class=\"wp-block-image\">\n<figure class=\"aligncenter size-full\"><img loading=\"lazy\" decoding=\"async\" width=\"883\" height=\"468\" src=\"https:\/\/observatorioarmenia.org\/site\/wp-content\/uploads\/2025\/05\/3.-OCU-RAMA-4.png\" alt=\"\" class=\"wp-image-5555\" srcset=\"https:\/\/observatorioarmenia.org\/site\/wp-content\/uploads\/2025\/05\/3.-OCU-RAMA-4.png 883w, https:\/\/observatorioarmenia.org\/site\/wp-content\/uploads\/2025\/05\/3.-OCU-RAMA-4-300x159.png 300w, https:\/\/observatorioarmenia.org\/site\/wp-content\/uploads\/2025\/05\/3.-OCU-RAMA-4-768x407.png 768w\" sizes=\"auto, (max-width: 883px) 100vw, 883px\" \/><figcaption class=\"wp-element-caption\">Fuente: Secretar\u00eda de Hacienda de Armenia con datos Dane (2025).<\/figcaption><\/figure>\n<\/div>\n\n\n<p>La tasa de desempleo del a\u00f1o m\u00f3vil mayo de 2024 abril 2025 converge a 10.6%.<\/p>\n\n\n<div class=\"wp-block-image\">\n<figure class=\"aligncenter size-full\"><img loading=\"lazy\" decoding=\"async\" width=\"569\" height=\"430\" src=\"https:\/\/observatorioarmenia.org\/site\/wp-content\/uploads\/2025\/05\/AM24-5.png\" alt=\"\" class=\"wp-image-5558\" srcset=\"https:\/\/observatorioarmenia.org\/site\/wp-content\/uploads\/2025\/05\/AM24-5.png 569w, https:\/\/observatorioarmenia.org\/site\/wp-content\/uploads\/2025\/05\/AM24-5-300x227.png 300w\" sizes=\"auto, (max-width: 569px) 100vw, 569px\" \/><figcaption class=\"wp-element-caption\">Fuente: Secretar\u00eda de Hacienda de Armenia con datos Dane (2025)<\/figcaption><\/figure>\n<\/div>\n\n\n<p>Referencias<\/p>\n\n\n\n<p>Dane. (2025). Empleo y Desempleo. Mercado Labora, abril 2025. <a href=\"https:\/\/www.dane.gov.co\/files\/operaciones\/GEIH\/pres-GEIH-abr2025.pdf\">Mercado<\/a><\/p>\n\n\n\n<p><\/p>\n","protected":false},"excerpt":{"rendered":"<p>I. Contexto La tasa de desempleo del trimestre m\u00f3vil febrero abril de 2025 fue para la ciudad de Armenia 10.1%, ocupando la posici\u00f3n 13 entre 23 ciudades y disminuyendo -1.9% respecto al trimestre del a\u00f1o anterior (13\/23, -1.8%), Ibagu\u00e9 14.7% (3\/23, -0.5%), Manizales 10.2% (12\/23, -1.9%), Pereira 9.6% (16\/23, -1.4%)<\/p>\n<div class=\"continue-reading-wrapper\"><a href=\"https:\/\/observatorioarmenia.org\/site\/uncategorized\/observatorio-economico-td-trim-movil-febrero-abril-2025-armenia-10-1-ibague-14-7-manizales-10-2-pereira-9-6-y-nacional-9-6\/\" class=\"continue-reading\">Ampliar informaci\u00f3n<i class=\"ion-ios-arrow-right\"><\/i><\/a><\/div>\n","protected":false},"author":1,"featured_media":0,"comment_status":"open","ping_status":"closed","sticky":false,"template":"","format":"standard","meta":{"footnotes":""},"categories":[1],"tags":[],"class_list":["post-5521","post","type-post","status-publish","format-standard","hentry","category-uncategorized"],"_links":{"self":[{"href":"https:\/\/observatorioarmenia.org\/site\/wp-json\/wp\/v2\/posts\/5521","targetHints":{"allow":["GET"]}}],"collection":[{"href":"https:\/\/observatorioarmenia.org\/site\/wp-json\/wp\/v2\/posts"}],"about":[{"href":"https:\/\/observatorioarmenia.org\/site\/wp-json\/wp\/v2\/types\/post"}],"author":[{"embeddable":true,"href":"https:\/\/observatorioarmenia.org\/site\/wp-json\/wp\/v2\/users\/1"}],"replies":[{"embeddable":true,"href":"https:\/\/observatorioarmenia.org\/site\/wp-json\/wp\/v2\/comments?post=5521"}],"version-history":[{"count":15,"href":"https:\/\/observatorioarmenia.org\/site\/wp-json\/wp\/v2\/posts\/5521\/revisions"}],"predecessor-version":[{"id":5559,"href":"https:\/\/observatorioarmenia.org\/site\/wp-json\/wp\/v2\/posts\/5521\/revisions\/5559"}],"wp:attachment":[{"href":"https:\/\/observatorioarmenia.org\/site\/wp-json\/wp\/v2\/media?parent=5521"}],"wp:term":[{"taxonomy":"category","embeddable":true,"href":"https:\/\/observatorioarmenia.org\/site\/wp-json\/wp\/v2\/categories?post=5521"},{"taxonomy":"post_tag","embeddable":true,"href":"https:\/\/observatorioarmenia.org\/site\/wp-json\/wp\/v2\/tags?post=5521"}],"curies":[{"name":"wp","href":"https:\/\/api.w.org\/{rel}","templated":true}]}}