{"id":5312,"date":"2025-04-30T15:49:19","date_gmt":"2025-04-30T20:49:19","guid":{"rendered":"https:\/\/observatorioarmenia.org\/site\/?p=5312"},"modified":"2025-04-30T15:49:21","modified_gmt":"2025-04-30T20:49:21","slug":"observatorio-economico-td-trim-ene-mar-2025-fue-para-armenia-10-6-ibague-15-8-manizales-10-4-pereira-10-1-y-nacional-10-5","status":"publish","type":"post","link":"https:\/\/observatorioarmenia.org\/site\/uncategorized\/observatorio-economico-td-trim-ene-mar-2025-fue-para-armenia-10-6-ibague-15-8-manizales-10-4-pereira-10-1-y-nacional-10-5\/","title":{"rendered":"Observatorio Econ\u00f3mico: TD trim ene-mar 2025 fue para Armenia 10.6%, Ibagu\u00e9 15.8%, Manizales 10.4%, Pereira 10.1% y nacional 10.5%"},"content":{"rendered":"\n<p>I. Contexto<\/p>\n\n\n\n<p>El desempleo para el trimestre m\u00f3vil enero a marzo de 2025 fue para Armenia 10.6% ocupando la posici\u00f3n 14 entre 23 ciudades y disminuyendo -1.8% frente al mismo trimestre del a\u00f1o 2024 (14\/23, -1.8%), Ibagu\u00e9 15.8% (4\/23, +0.8%), Manizales 10.4% (15\/23, -1.5%), Pereira 10.1% (16\/23, -3.5%) y nacional 10.5% (-1.3%).<\/p>\n\n\n\n<p>El desempleo juvenil fue para Armenia 16.5% (21\/23, -3.5%), Ibagu\u00e9 27.2% (3\/23, +4.1%), Manizales 17.9% (18\/23, -0.6%),  Pereira 18.1% (15\/23, -1.5%) y nacional 17.1% (-2.9%).<\/p>\n\n\n\n<p>La informalidad fue para Armenia 45.9% (17\/23, +3.1%), Ibagu\u00e9 49.8% (15\/23, +3.2%), Manizales 35.1% (23\/23, +0.2%) , Pereira 38.1% (22\/23, -2.1%) y nacional 57.2% (+0.9%).<\/p>\n\n\n\n<p>II. Indicadores por ciudades<\/p>\n\n\n\n<p>1.Armenia<\/p>\n\n\n\n<p>Los ocupados aumentaron en 10.137 personas, los desempleados disminuyeron en -1.874 personas y los inactivos en -4.855 personas, con lo que el mercado laboral cuyabro gener\u00f3 16.866 puestos de trabajo en ese trimestre. La tasa global de participaci\u00f3n aument\u00f3 en 2.4%, la de ocupaci\u00f3n en 3.2% y la de desocupaci\u00f3n disminuy\u00f3 en -1.8%.<\/p>\n\n\n\n<ol class=\"wp-block-list\"><\/ol>\n\n\n<div class=\"wp-block-image\">\n<figure class=\"aligncenter size-large\"><img loading=\"lazy\" decoding=\"async\" width=\"1024\" height=\"375\" src=\"https:\/\/observatorioarmenia.org\/site\/wp-content\/uploads\/2025\/04\/output-11-15-1024x375.png\" alt=\"\" class=\"wp-image-5317\" srcset=\"https:\/\/observatorioarmenia.org\/site\/wp-content\/uploads\/2025\/04\/output-11-15-1024x375.png 1024w, https:\/\/observatorioarmenia.org\/site\/wp-content\/uploads\/2025\/04\/output-11-15-300x110.png 300w, https:\/\/observatorioarmenia.org\/site\/wp-content\/uploads\/2025\/04\/output-11-15-768x281.png 768w, https:\/\/observatorioarmenia.org\/site\/wp-content\/uploads\/2025\/04\/output-11-15.png 1171w\" sizes=\"auto, (max-width: 1024px) 100vw, 1024px\" \/><figcaption class=\"wp-element-caption\">Fuente: Secretar\u00eda de Hacienda de Armenia con datos Dane (2025)<\/figcaption><\/figure>\n<\/div>\n\n\n<p>2.Ibagu\u00e9<\/p>\n\n\n\n<p>Los ocupados aumentaron en 21.017 personas, los desempleados aumentaron en 4.541 personas y los inactivos disminuyeron en  -13.309 personas, con lo que el mercado laboral gener\u00f3 21.017 puestos de trabajo en ese trimestre. La tasa global de participaci\u00f3n aument\u00f3 en 3.5%, la de ocupaci\u00f3n en 2.5% y la de desocupaci\u00f3n aument\u00f3 en +0.8%.<\/p>\n\n\n<div class=\"wp-block-image\">\n<figure class=\"aligncenter size-large\"><img loading=\"lazy\" decoding=\"async\" width=\"1024\" height=\"375\" src=\"https:\/\/observatorioarmenia.org\/site\/wp-content\/uploads\/2025\/04\/output-11-17-1024x375.png\" alt=\"\" class=\"wp-image-5319\" srcset=\"https:\/\/observatorioarmenia.org\/site\/wp-content\/uploads\/2025\/04\/output-11-17-1024x375.png 1024w, https:\/\/observatorioarmenia.org\/site\/wp-content\/uploads\/2025\/04\/output-11-17-300x110.png 300w, https:\/\/observatorioarmenia.org\/site\/wp-content\/uploads\/2025\/04\/output-11-17-768x281.png 768w, https:\/\/observatorioarmenia.org\/site\/wp-content\/uploads\/2025\/04\/output-11-17.png 1173w\" sizes=\"auto, (max-width: 1024px) 100vw, 1024px\" \/><figcaption class=\"wp-element-caption\">Fuente: Secretar\u00eda de Hacienda de Armenia con datos Dane (2025)<\/figcaption><\/figure>\n<\/div>\n\n\n<p>3.Manizales<\/p>\n\n\n\n<p>Los ocupados aumentaron en 11.620 personas, los desempleados disminuyeron en -2.940 personas y los inactivos en -2.330 personas, con lo que el mercado laboral gener\u00f3 16.890 puestos de trabajo en ese trimestre. La tasa global de participaci\u00f3n aument\u00f3 en 1.2%, la de ocupaci\u00f3n en 1.9% y la de desocupaci\u00f3n disminuy\u00f3 en -1.5%.<\/p>\n\n\n<div class=\"wp-block-image\">\n<figure class=\"aligncenter size-large\"><img loading=\"lazy\" decoding=\"async\" width=\"1024\" height=\"375\" src=\"https:\/\/observatorioarmenia.org\/site\/wp-content\/uploads\/2025\/04\/output-11-18-1024x375.png\" alt=\"\" class=\"wp-image-5322\" srcset=\"https:\/\/observatorioarmenia.org\/site\/wp-content\/uploads\/2025\/04\/output-11-18-1024x375.png 1024w, https:\/\/observatorioarmenia.org\/site\/wp-content\/uploads\/2025\/04\/output-11-18-300x110.png 300w, https:\/\/observatorioarmenia.org\/site\/wp-content\/uploads\/2025\/04\/output-11-18-768x281.png 768w, https:\/\/observatorioarmenia.org\/site\/wp-content\/uploads\/2025\/04\/output-11-18.png 1173w\" sizes=\"auto, (max-width: 1024px) 100vw, 1024px\" \/><figcaption class=\"wp-element-caption\">Fuente: Secretar\u00eda de Hacienda de Armenia con datos Dane (2025)<\/figcaption><\/figure>\n<\/div>\n\n\n<p>4.Pereira<\/p>\n\n\n\n<p>Los ocupados aumentaron en 22.637 personas, los desempleados disminuyeron en -10.232 personas y los inactivos en -5.071 personas, con lo que el mercado laboral gener\u00f3 37.940 puestos de trabajo en ese trimestre. La tasa global de participaci\u00f3n aument\u00f3 en 1.4%, la de ocupaci\u00f3n en 3.4% y la de desocupaci\u00f3n disminuy\u00f3 en -3.5%.<\/p>\n\n\n<div class=\"wp-block-image\">\n<figure class=\"aligncenter size-large\"><img loading=\"lazy\" decoding=\"async\" width=\"1024\" height=\"374\" src=\"https:\/\/observatorioarmenia.org\/site\/wp-content\/uploads\/2025\/04\/output-11-19-1024x374.png\" alt=\"\" class=\"wp-image-5325\" srcset=\"https:\/\/observatorioarmenia.org\/site\/wp-content\/uploads\/2025\/04\/output-11-19-1024x374.png 1024w, https:\/\/observatorioarmenia.org\/site\/wp-content\/uploads\/2025\/04\/output-11-19-300x110.png 300w, https:\/\/observatorioarmenia.org\/site\/wp-content\/uploads\/2025\/04\/output-11-19-768x281.png 768w, https:\/\/observatorioarmenia.org\/site\/wp-content\/uploads\/2025\/04\/output-11-19.png 1174w\" sizes=\"auto, (max-width: 1024px) 100vw, 1024px\" \/><figcaption class=\"wp-element-caption\">Fuente: Secretar\u00eda de Hacienda de Armenia con datos Dane (2025)<\/figcaption><\/figure>\n<\/div>\n\n\n<p>III. Ocupados por rama econ\u00f3mica<\/p>\n\n\n\n<p>Los sectores de mayor aumento de ocupados para Armenia fueron industrias manufactureras, alojamientos y servicios de comida y construcci\u00f3n. Para Ibagu\u00e9 fueron alojamientos y servicios de comida, industrias manufactureras y comercio.<\/p>\n\n\n<div class=\"wp-block-image\">\n<figure class=\"aligncenter size-full\"><img loading=\"lazy\" decoding=\"async\" width=\"1236\" height=\"672\" src=\"https:\/\/observatorioarmenia.org\/site\/wp-content\/uploads\/2025\/04\/output-11-21.png\" alt=\"\" class=\"wp-image-5330\" srcset=\"https:\/\/observatorioarmenia.org\/site\/wp-content\/uploads\/2025\/04\/output-11-21.png 1236w, https:\/\/observatorioarmenia.org\/site\/wp-content\/uploads\/2025\/04\/output-11-21-300x163.png 300w, https:\/\/observatorioarmenia.org\/site\/wp-content\/uploads\/2025\/04\/output-11-21-1024x557.png 1024w, https:\/\/observatorioarmenia.org\/site\/wp-content\/uploads\/2025\/04\/output-11-21-768x418.png 768w\" sizes=\"auto, (max-width: 1236px) 100vw, 1236px\" \/><figcaption class=\"wp-element-caption\">Fuente: Secretar\u00eda de Hacienda de Armenia con datos Dane (2025)<\/figcaption><\/figure>\n<\/div>\n\n\n<p>Para Manizales los mayores aumentos fueron para alojamientos y servicios de comida, industrias manufactureras y comercio. Para Pereira el mayor aumento fue parra construcci\u00f3n, industrias manufactureras y actividades inmobiliarias.<\/p>\n\n\n\n<p>El comercio no se ha destacado en este trimestre como un sector que jalone el empleo y el transporte ha mostrado inclusive disminuciones. La administraci\u00f3n p\u00fablica ha mostrado importantes disminuciones.<\/p>\n\n\n\n<p>III. Ocupados por posici\u00f3n econ\u00f3mica<\/p>\n\n\n\n<p>1. Armenia<\/p>\n\n\n\n<p>El aumento de la poblaci\u00f3n ocupada en Armenia se debi\u00f3 a la categor\u00eda de empleados, que super\u00f3 por un factor de 3.53 a los cuenta propia, es decir, por cada cuenta propia hubo 3.5 empleados.<\/p>\n\n\n<div class=\"wp-block-image\">\n<figure class=\"aligncenter size-large\"><img loading=\"lazy\" decoding=\"async\" width=\"1024\" height=\"271\" src=\"https:\/\/observatorioarmenia.org\/site\/wp-content\/uploads\/2025\/04\/output-11-22-1024x271.png\" alt=\"\" class=\"wp-image-5334\" srcset=\"https:\/\/observatorioarmenia.org\/site\/wp-content\/uploads\/2025\/04\/output-11-22-1024x271.png 1024w, https:\/\/observatorioarmenia.org\/site\/wp-content\/uploads\/2025\/04\/output-11-22-300x79.png 300w, https:\/\/observatorioarmenia.org\/site\/wp-content\/uploads\/2025\/04\/output-11-22-768x203.png 768w, https:\/\/observatorioarmenia.org\/site\/wp-content\/uploads\/2025\/04\/output-11-22.png 1176w\" sizes=\"auto, (max-width: 1024px) 100vw, 1024px\" \/><figcaption class=\"wp-element-caption\">Fuente: Secretar\u00eda de Hacienda de Armenia con datos Dane (2025)<\/figcaption><\/figure>\n<\/div>\n\n\n<p>2.Ibagu\u00e9<\/p>\n\n\n\n<p>El aumento de la poblaci\u00f3n ocupada en Ibagu\u00e9 fue v\u00eda empleados, que super\u00f3 en un factor de 8.78 a los cuenta propia, es decir, por cada nuevo cuenta propia hubo 8.8 empleados.<\/p>\n\n\n<div class=\"wp-block-image\">\n<figure class=\"aligncenter size-large\"><img loading=\"lazy\" decoding=\"async\" width=\"1024\" height=\"272\" src=\"https:\/\/observatorioarmenia.org\/site\/wp-content\/uploads\/2025\/04\/output-11-23-1024x272.png\" alt=\"\" class=\"wp-image-5335\" srcset=\"https:\/\/observatorioarmenia.org\/site\/wp-content\/uploads\/2025\/04\/output-11-23-1024x272.png 1024w, https:\/\/observatorioarmenia.org\/site\/wp-content\/uploads\/2025\/04\/output-11-23-300x80.png 300w, https:\/\/observatorioarmenia.org\/site\/wp-content\/uploads\/2025\/04\/output-11-23-768x204.png 768w, https:\/\/observatorioarmenia.org\/site\/wp-content\/uploads\/2025\/04\/output-11-23.png 1176w\" sizes=\"auto, (max-width: 1024px) 100vw, 1024px\" \/><figcaption class=\"wp-element-caption\">Fuente: Secretar\u00eda de Hacienda de Armenia con datos Dane (2025)<\/figcaption><\/figure>\n<\/div>\n\n\n<p>3.Manizales<\/p>\n\n\n\n<p>El aumento de ocupados se dio por empleados que super\u00f3 en un factor de 2.39 a los cuenta propia, Es decir, por cada cuenta propia hubo 2.4 ocupados adicionales.<\/p>\n\n\n<div class=\"wp-block-image\">\n<figure class=\"aligncenter size-large\"><img loading=\"lazy\" decoding=\"async\" width=\"1024\" height=\"271\" src=\"https:\/\/observatorioarmenia.org\/site\/wp-content\/uploads\/2025\/04\/output-11-25-1024x271.png\" alt=\"\" class=\"wp-image-5341\" srcset=\"https:\/\/observatorioarmenia.org\/site\/wp-content\/uploads\/2025\/04\/output-11-25-1024x271.png 1024w, https:\/\/observatorioarmenia.org\/site\/wp-content\/uploads\/2025\/04\/output-11-25-300x80.png 300w, https:\/\/observatorioarmenia.org\/site\/wp-content\/uploads\/2025\/04\/output-11-25-768x204.png 768w, https:\/\/observatorioarmenia.org\/site\/wp-content\/uploads\/2025\/04\/output-11-25.png 1177w\" sizes=\"auto, (max-width: 1024px) 100vw, 1024px\" \/><figcaption class=\"wp-element-caption\">Fuente: Secretar\u00eda de Hacienda de Armenia con datos Dane (2025)<\/figcaption><\/figure>\n<\/div>\n\n\n<p>4.Pereira<\/p>\n\n\n\n<p>El aumento de ocupados fue principalmente v\u00eda empleados, que super\u00f3 por un factor de 1.48 a los cuenta propia, es decir, por cada cuenta propia hubo 1.5 empleados.<\/p>\n\n\n<div class=\"wp-block-image\">\n<figure class=\"aligncenter size-large\"><img loading=\"lazy\" decoding=\"async\" width=\"1024\" height=\"271\" src=\"https:\/\/observatorioarmenia.org\/site\/wp-content\/uploads\/2025\/04\/output-11-24-1024x271.png\" alt=\"\" class=\"wp-image-5337\" srcset=\"https:\/\/observatorioarmenia.org\/site\/wp-content\/uploads\/2025\/04\/output-11-24-1024x271.png 1024w, https:\/\/observatorioarmenia.org\/site\/wp-content\/uploads\/2025\/04\/output-11-24-300x80.png 300w, https:\/\/observatorioarmenia.org\/site\/wp-content\/uploads\/2025\/04\/output-11-24-768x204.png 768w, https:\/\/observatorioarmenia.org\/site\/wp-content\/uploads\/2025\/04\/output-11-24.png 1177w\" sizes=\"auto, (max-width: 1024px) 100vw, 1024px\" \/><figcaption class=\"wp-element-caption\">Fuente: Secretar\u00eda de Hacienda de Armenia con datos Dane (2025)<\/figcaption><\/figure>\n<\/div>\n\n\n<p>Referencias<\/p>\n\n\n\n<p>Dane. (2025). Mercado Laboral. Empleo y Desempleo. marzo 2025. <a href=\"https:\/\/www.dane.gov.co\/files\/operaciones\/GEIH\/pres-GEIH-mar2025.pdf\">Mercado<\/a><\/p>\n","protected":false},"excerpt":{"rendered":"<p>I. Contexto El desempleo para el trimestre m\u00f3vil enero a marzo de 2025 fue para Armenia 10.6% ocupando la posici\u00f3n 14 entre 23 ciudades y disminuyendo -1.8% frente al mismo trimestre del a\u00f1o 2024 (14\/23, -1.8%), Ibagu\u00e9 15.8% (4\/23, +0.8%), Manizales 10.4% (15\/23, -1.5%), Pereira 10.1% (16\/23, -3.5%) y nacional<\/p>\n<div class=\"continue-reading-wrapper\"><a href=\"https:\/\/observatorioarmenia.org\/site\/uncategorized\/observatorio-economico-td-trim-ene-mar-2025-fue-para-armenia-10-6-ibague-15-8-manizales-10-4-pereira-10-1-y-nacional-10-5\/\" class=\"continue-reading\">Ampliar informaci\u00f3n<i class=\"ion-ios-arrow-right\"><\/i><\/a><\/div>\n","protected":false},"author":1,"featured_media":0,"comment_status":"open","ping_status":"closed","sticky":false,"template":"","format":"standard","meta":{"footnotes":""},"categories":[1],"tags":[],"class_list":["post-5312","post","type-post","status-publish","format-standard","hentry","category-uncategorized"],"_links":{"self":[{"href":"https:\/\/observatorioarmenia.org\/site\/wp-json\/wp\/v2\/posts\/5312","targetHints":{"allow":["GET"]}}],"collection":[{"href":"https:\/\/observatorioarmenia.org\/site\/wp-json\/wp\/v2\/posts"}],"about":[{"href":"https:\/\/observatorioarmenia.org\/site\/wp-json\/wp\/v2\/types\/post"}],"author":[{"embeddable":true,"href":"https:\/\/observatorioarmenia.org\/site\/wp-json\/wp\/v2\/users\/1"}],"replies":[{"embeddable":true,"href":"https:\/\/observatorioarmenia.org\/site\/wp-json\/wp\/v2\/comments?post=5312"}],"version-history":[{"count":17,"href":"https:\/\/observatorioarmenia.org\/site\/wp-json\/wp\/v2\/posts\/5312\/revisions"}],"predecessor-version":[{"id":5342,"href":"https:\/\/observatorioarmenia.org\/site\/wp-json\/wp\/v2\/posts\/5312\/revisions\/5342"}],"wp:attachment":[{"href":"https:\/\/observatorioarmenia.org\/site\/wp-json\/wp\/v2\/media?parent=5312"}],"wp:term":[{"taxonomy":"category","embeddable":true,"href":"https:\/\/observatorioarmenia.org\/site\/wp-json\/wp\/v2\/categories?post=5312"},{"taxonomy":"post_tag","embeddable":true,"href":"https:\/\/observatorioarmenia.org\/site\/wp-json\/wp\/v2\/tags?post=5312"}],"curies":[{"name":"wp","href":"https:\/\/api.w.org\/{rel}","templated":true}]}}