{"id":4892,"date":"2025-02-28T13:53:51","date_gmt":"2025-02-28T18:53:51","guid":{"rendered":"https:\/\/observatorioarmenia.org\/site\/?p=4892"},"modified":"2025-02-28T15:54:22","modified_gmt":"2025-02-28T20:54:22","slug":"observatorio-economico-td-trim-movil-noviembre-a-enero-armenia-10-4-ibague-12-6-manizales-9-6-pereira-10-8-y-nacional-9-6","status":"publish","type":"post","link":"https:\/\/observatorioarmenia.org\/site\/uncategorized\/observatorio-economico-td-trim-movil-noviembre-a-enero-armenia-10-4-ibague-12-6-manizales-9-6-pereira-10-8-y-nacional-9-6\/","title":{"rendered":"Observatorio Econ\u00f3mico: TD trim. m\u00f3vil noviembre a enero Armenia 10.4%, Ibagu\u00e9 12.6%, Manizales 9.6%, Pereira 10.8% y nacional 9.6%"},"content":{"rendered":"\n<p>I. Contexto<\/p>\n\n\n\n<p>La tasa de desempleo en el trimestre m\u00f3vil noviembre 2024 a enero 2025 fue para Colombia 9.6%. En el Eje Cafetero Armenia fue 10.4% con una disminuci\u00f3n de -1.3% y ocupando la posici\u00f3n 14 entre 23 ciudades (-1.3%, 14\/23), Ibagu\u00e9 12.6% (-1.5%, 5\/23), Manizales 9.6% (-0.4%, 18\/23) y Pereira 10.8% (-1.8%, 10\/23).<\/p>\n\n\n\n<p>La informalidad fue para Armenia 42.2% presentando un nivel adicional de 1.7% con respecto al mismo trimestre del a\u00f1o anterior (+1.7), Ibagu\u00e9 48.7% (+2.7), Manizales 34.9% (+1.1) y Pereira 35.5% (-9.0%). A nivel nacional acumul\u00f3 43.6% (+0.9%).<\/p>\n\n\n\n<p>El desempleo juvenil fue para Armenia 18.7% (-0.3%), Ibagu\u00e9 21.2% (+2.3%), Manizales 17.1% (+0.5%) y Pereira 15.3% (-2.5%). A nivel nacional fue de 16.4% (-1.7%).<\/p>\n\n\n<div class=\"wp-block-image\">\n<figure class=\"aligncenter size-large\"><img loading=\"lazy\" decoding=\"async\" width=\"1024\" height=\"616\" src=\"https:\/\/observatorioarmenia.org\/site\/wp-content\/uploads\/2025\/02\/1.-IND-LAB-1024x616.png\" alt=\"\" class=\"wp-image-4894\" srcset=\"https:\/\/observatorioarmenia.org\/site\/wp-content\/uploads\/2025\/02\/1.-IND-LAB-1024x616.png 1024w, https:\/\/observatorioarmenia.org\/site\/wp-content\/uploads\/2025\/02\/1.-IND-LAB-300x180.png 300w, https:\/\/observatorioarmenia.org\/site\/wp-content\/uploads\/2025\/02\/1.-IND-LAB-768x462.png 768w, https:\/\/observatorioarmenia.org\/site\/wp-content\/uploads\/2025\/02\/1.-IND-LAB.png 1142w\" sizes=\"auto, (max-width: 1024px) 100vw, 1024px\" \/><figcaption class=\"wp-element-caption\">Fuente: Secretar\u00eda de Hacienda de Armenia con datos Dane (2025)<\/figcaption><\/figure>\n<\/div>\n\n\n<p>Armenia disminuy\u00f3 desocupados en -1.775 personas, aument\u00f3 ocupados en 3.946 personas y aument\u00f3 inactivos 1.273 personas.<\/p>\n\n\n\n<p>Ibagu\u00e9 disminuy\u00f3 desocupados en -2.714 personas, aument\u00f3 ocupados en 9.272 personas y disminuy\u00f3 inactivos en -2.977 personas.<\/p>\n\n\n\n<p>Manizales disminuy\u00f3 desocupados en -640 personas, aument\u00f3 ocupados en 4.086 personas y aument\u00f3 inactivos en 3.026 personas.<\/p>\n\n\n\n<p>Pereira disminuy\u00f3 poblaci\u00f3n desocupada en -6.328 personas, aument\u00f3 ocupados en 3.147 personas e incremento inactivos en 10.509 personas.<\/p>\n\n\n\n<p>II. Ocupados por rama econ\u00f3mica<\/p>\n\n\n\n<p>En Armenia el mayor incremento en ocupados se dio en industria manufacturera 2.671 personas, seguido por actividades art\u00edsticas 1.767 personas y alojamientos con 1.122 personas. La mayor contracci\u00f3n fue para comercio -2.586 personas y administraci\u00f3n p\u00fablica con -1.477 personas.<\/p>\n\n\n\n<p>En Ibagu\u00e9 los sectores de mayor aumento fueron las actividades profesionales, seguido por actividades art\u00edsticas, actividades art\u00edsticas y alojamientos y servicios de comida. Las mayores contracciones fueron para construcci\u00f3n y industria manufacturera.<\/p>\n\n\n<div class=\"wp-block-image\">\n<figure class=\"aligncenter size-large\"><img loading=\"lazy\" decoding=\"async\" width=\"1024\" height=\"534\" src=\"https:\/\/observatorioarmenia.org\/site\/wp-content\/uploads\/2025\/02\/2.-OCU-RAMA-1024x534.png\" alt=\"\" class=\"wp-image-4896\" srcset=\"https:\/\/observatorioarmenia.org\/site\/wp-content\/uploads\/2025\/02\/2.-OCU-RAMA-1024x534.png 1024w, https:\/\/observatorioarmenia.org\/site\/wp-content\/uploads\/2025\/02\/2.-OCU-RAMA-300x157.png 300w, https:\/\/observatorioarmenia.org\/site\/wp-content\/uploads\/2025\/02\/2.-OCU-RAMA-768x401.png 768w, https:\/\/observatorioarmenia.org\/site\/wp-content\/uploads\/2025\/02\/2.-OCU-RAMA.png 1242w\" sizes=\"auto, (max-width: 1024px) 100vw, 1024px\" \/><figcaption class=\"wp-element-caption\">Fuente. Secretar\u00eda de Hacienda de Armenia con datos Dane (2025)<\/figcaption><\/figure>\n<\/div>\n\n\n<p>Para Manizales los mayores aumentos fueron en industria manufacturera con 3.668 personas, transporte y almacenamiento con 2.385 personas y comercio con 2.302 personas. Las mayores contracciones fueron para actividades profesionales con -3.469 personas.<\/p>\n\n\n\n<p>Para Pereira, los mayores aumentos fueron para construcci\u00f3n con 19.725 personas e industrias manufactureras con 4.909 personas. Las mayores contracciones se dieron en transportes con -5.394 personas, actividades art\u00edsticas con -5.043 personas y comercio con -4.665 personas.<\/p>\n\n\n\n<p>III. Ocupados por posici\u00f3n<\/p>\n\n\n\n<p>Para Armenia, los empleados particulares aumentaron 3.379 personas, los empleados del gobierno disminuyeron en -1.007.<\/p>\n\n\n\n<p>Para Ibagu\u00e9, los empleados particulares aumentaron en 10.002 personas, los del gobierno disminuyeron  en 502 y los cuenta propia aumentaron en 1.096.<\/p>\n\n\n<div class=\"wp-block-image\">\n<figure class=\"aligncenter size-large\"><img loading=\"lazy\" decoding=\"async\" width=\"1024\" height=\"439\" src=\"https:\/\/observatorioarmenia.org\/site\/wp-content\/uploads\/2025\/02\/3.-OCU-POSICION-1024x439.png\" alt=\"\" class=\"wp-image-4897\" srcset=\"https:\/\/observatorioarmenia.org\/site\/wp-content\/uploads\/2025\/02\/3.-OCU-POSICION-1024x439.png 1024w, https:\/\/observatorioarmenia.org\/site\/wp-content\/uploads\/2025\/02\/3.-OCU-POSICION-300x129.png 300w, https:\/\/observatorioarmenia.org\/site\/wp-content\/uploads\/2025\/02\/3.-OCU-POSICION-768x330.png 768w, https:\/\/observatorioarmenia.org\/site\/wp-content\/uploads\/2025\/02\/3.-OCU-POSICION.png 1228w\" sizes=\"auto, (max-width: 1024px) 100vw, 1024px\" \/><figcaption class=\"wp-element-caption\">Fuente: Secretar\u00eda de Hacienda de Armenia con datos Dane (2025)<\/figcaption><\/figure>\n<\/div>\n\n\n<p>Para Manizales, los empleados particulares aumentaron 1.726 personas, los empleados del gobierno disminuyeron -1.826 personas y los trabajadores por cuenta propia aumentaron en 6.343.<\/p>\n\n\n\n<p>Para Pereira, los empleados particulares aumentaron 15.497 personas, los empleados del gobierno aumentaron 915 personas y los cuentas propias disminuyeron -10.599.<\/p>\n\n\n\n<p>IV. An\u00e1lisis<\/p>\n\n\n\n<p>Armenia, Pereira, Ibagu\u00e9 siguen disminuyendo considerablemente sus tasas de desempleo, a la par que est\u00e1n generando con Manizales nuevos puestos de trabajo. El sector de la construcci\u00f3n sigue fuerte en Pereira, pero no as\u00ed en Armenia, Ibagu\u00e9 y Manizales.<\/p>\n\n\n\n<p>La industria manufacturera crece en ocupados en todas las capitales menos en Ibagu\u00e9. Los alojamientos hace lo propio menos en Pereira.<\/p>\n\n\n\n<p>La administraci\u00f3n p\u00fablica se reduce en Armenia y Manizales y se mantiene en Ibagu\u00e9 y Pereira.<\/p>\n\n\n<div class=\"wp-block-image\">\n<figure class=\"aligncenter size-full\"><img loading=\"lazy\" decoding=\"async\" width=\"918\" height=\"700\" src=\"https:\/\/observatorioarmenia.org\/site\/wp-content\/uploads\/2025\/02\/AM24.png\" alt=\"\" class=\"wp-image-4903\" srcset=\"https:\/\/observatorioarmenia.org\/site\/wp-content\/uploads\/2025\/02\/AM24.png 918w, https:\/\/observatorioarmenia.org\/site\/wp-content\/uploads\/2025\/02\/AM24-300x229.png 300w, https:\/\/observatorioarmenia.org\/site\/wp-content\/uploads\/2025\/02\/AM24-768x586.png 768w\" sizes=\"auto, (max-width: 918px) 100vw, 918px\" \/><figcaption class=\"wp-element-caption\">Fuente: Secretar\u00eda de Hacienda de Armenia con datos Dane (2025).<\/figcaption><\/figure>\n<\/div>\n\n\n<p>Referencias<\/p>\n\n\n\n<p>Dane. (2025). Mercado Laboral. Empleo y Desempleo. <a href=\"https:\/\/www.dane.gov.co\/index.php\/estadisticas-por-tema\/mercado-laboral\/empleo-y-desempleo\">DANE &#8211; Empleo y desempleo<\/a><\/p>\n","protected":false},"excerpt":{"rendered":"<p>I. Contexto La tasa de desempleo en el trimestre m\u00f3vil noviembre 2024 a enero 2025 fue para Colombia 9.6%. En el Eje Cafetero Armenia fue 10.4% con una disminuci\u00f3n de -1.3% y ocupando la posici\u00f3n 14 entre 23 ciudades (-1.3%, 14\/23), Ibagu\u00e9 12.6% (-1.5%, 5\/23), Manizales 9.6% (-0.4%, 18\/23) y<\/p>\n<div class=\"continue-reading-wrapper\"><a href=\"https:\/\/observatorioarmenia.org\/site\/uncategorized\/observatorio-economico-td-trim-movil-noviembre-a-enero-armenia-10-4-ibague-12-6-manizales-9-6-pereira-10-8-y-nacional-9-6\/\" class=\"continue-reading\">Ampliar informaci\u00f3n<i class=\"ion-ios-arrow-right\"><\/i><\/a><\/div>\n","protected":false},"author":1,"featured_media":0,"comment_status":"open","ping_status":"closed","sticky":false,"template":"","format":"standard","meta":{"footnotes":""},"categories":[1],"tags":[],"class_list":["post-4892","post","type-post","status-publish","format-standard","hentry","category-uncategorized"],"_links":{"self":[{"href":"https:\/\/observatorioarmenia.org\/site\/wp-json\/wp\/v2\/posts\/4892","targetHints":{"allow":["GET"]}}],"collection":[{"href":"https:\/\/observatorioarmenia.org\/site\/wp-json\/wp\/v2\/posts"}],"about":[{"href":"https:\/\/observatorioarmenia.org\/site\/wp-json\/wp\/v2\/types\/post"}],"author":[{"embeddable":true,"href":"https:\/\/observatorioarmenia.org\/site\/wp-json\/wp\/v2\/users\/1"}],"replies":[{"embeddable":true,"href":"https:\/\/observatorioarmenia.org\/site\/wp-json\/wp\/v2\/comments?post=4892"}],"version-history":[{"count":10,"href":"https:\/\/observatorioarmenia.org\/site\/wp-json\/wp\/v2\/posts\/4892\/revisions"}],"predecessor-version":[{"id":4908,"href":"https:\/\/observatorioarmenia.org\/site\/wp-json\/wp\/v2\/posts\/4892\/revisions\/4908"}],"wp:attachment":[{"href":"https:\/\/observatorioarmenia.org\/site\/wp-json\/wp\/v2\/media?parent=4892"}],"wp:term":[{"taxonomy":"category","embeddable":true,"href":"https:\/\/observatorioarmenia.org\/site\/wp-json\/wp\/v2\/categories?post=4892"},{"taxonomy":"post_tag","embeddable":true,"href":"https:\/\/observatorioarmenia.org\/site\/wp-json\/wp\/v2\/tags?post=4892"}],"curies":[{"name":"wp","href":"https:\/\/api.w.org\/{rel}","templated":true}]}}