{"id":4362,"date":"2024-11-25T10:35:49","date_gmt":"2024-11-25T15:35:49","guid":{"rendered":"https:\/\/observatorioarmenia.org\/site\/?p=4362"},"modified":"2024-11-25T10:35:52","modified_gmt":"2024-11-25T15:35:52","slug":"observatorio-inmobiliario-espacios-verdes-y-rendimiento-escolar-en-armenia","status":"publish","type":"post","link":"https:\/\/observatorioarmenia.org\/site\/uncategorized\/observatorio-inmobiliario-espacios-verdes-y-rendimiento-escolar-en-armenia\/","title":{"rendered":"Observatorio Inmobiliario: espacios verdes y rendimiento escolar en Armenia"},"content":{"rendered":"\n<p>I. Contexto<\/p>\n\n\n\n<p>La evidencia emp\u00edrica ha documentado que la exposici\u00f3n a espacios verdes afecta positivamente la memoria, la flexibilidad cognitiva o el control de la atenci\u00f3n (Stevenson et al., 2018). Por lo tanto, desde un punto de vista te\u00f3rico, se han propuesto dos mecanismos para comprender los efectos de la exposici\u00f3n a espacios verdes en el desempe\u00f1o acad\u00e9mico. Primero, la Teor\u00eda de Restauraci\u00f3n de la Atenci\u00f3n (ART, por sus siglas en ingl\u00e9s) se basa en la proposici\u00f3n seg\u00fan la cual el contacto con el entorno natural restaura la atenci\u00f3n afectada por el ritmo diario que acompa\u00f1a la vida urbana (Kaplan &amp; Kaplan, 1989; Kaplan, 1995; Kaplan &amp; Berman, 2010). Segundo, la Teor\u00eda de Recuperaci\u00f3n del Estr\u00e9s (SRT, por sus siglas en ingl\u00e9s) (Ulrich et al., 1991) sugiere que los seres humanos desarrollan una respuesta psicofisiol\u00f3gica a la naturaleza, de modo que pasar tiempo en entornos naturales reduce el estr\u00e9s (Helbich et al., 2018; Hodson &amp; Sander, 2019). En consecuencia, las \u00e1reas verdes urbanas act\u00faan como espacios de relajaci\u00f3n (Freeman et al., 2012). Por lo tanto, estas teor\u00edas respaldan el fomento de \u00e1reas verdes urbanas para mejorar el desempe\u00f1o individual en la escuela<\/p>\n\n\n\n<p>II. Metodolog\u00eda<\/p>\n\n\n\n<p>La evidencia preliminar de la relaci\u00f3n exploratoria de la exposici\u00f3n a espacios verdes y el desempe\u00f1o acad\u00e9mico en la ciudad de Armenia se realizar\u00e1 mediante el an\u00e1lisis donde emplea una medida de exposici\u00f3n a espacios verdes basada en su disponibilidad. A diferencia de las m\u00e9tricas de accesibilidad a espacios verdes (medidas como una distancia), la disponibilidad de espacios verdes generalmente se cuantifica como el valor proporcional del espacio natural dentro de un \u00e1rea espec\u00edfica (Jarvis et al., 2020). De esta manera, se calcul\u00f3 la superficie relativa del \u00cdndice de Vegetaci\u00f3n de Diferencia Normalizada (NDVI, por sus siglas en ingl\u00e9s) (Tucker, 1979) con un umbral superior a 0.3 dentro de un radio de 500 metros alrededor de cada colegio. Para ello, se utiliz\u00f3 la imagen satelital<em> Landsat 9 <\/em>tomada en 2023.<\/p>\n\n\n\n<p>III. Resultados<\/p>\n\n\n\n<p>El NDVI es una herramienta esencial para el monitoreo ambiental, ya que permite identificar \u00e1reas de vegetaci\u00f3n saludable (NDVI alto), \u00e1reas con vegetaci\u00f3n escasa o degradada (NDVI bajo) y zonas sin vegetaci\u00f3n, como cuerpos de agua y superficies construidas.<\/p>\n\n\n\n<p>El siguiente mapa muestra la distribuci\u00f3n de la cobertura vegetal en porcentajes y distingue las \u00e1reas seg\u00fan el NDVI (por encima o por debajo del umbral de 0.3). Se observa que las zonas perif\u00e9ricas del \u00e1rea de estudio concentran la mayor proporci\u00f3n de cobertura vegetal, mientras que las zonas centrales tienen niveles notablemente m\u00e1s bajos. Esta distribuci\u00f3n sugiere una concentraci\u00f3n de \u00e1reas verdes en las afueras, mientras que en el centro urbano predominan zonas m\u00e1s densamente construidas, con menor disponibilidad de espacios naturales.<\/p>\n\n\n<div class=\"wp-block-image\">\n<figure class=\"aligncenter size-full\"><img loading=\"lazy\" decoding=\"async\" width=\"921\" height=\"651\" src=\"https:\/\/observatorioarmenia.org\/site\/wp-content\/uploads\/2024\/11\/1.IPVN_.jpeg\" alt=\"\" class=\"wp-image-4363\" srcset=\"https:\/\/observatorioarmenia.org\/site\/wp-content\/uploads\/2024\/11\/1.IPVN_.jpeg 921w, https:\/\/observatorioarmenia.org\/site\/wp-content\/uploads\/2024\/11\/1.IPVN_-300x212.jpeg 300w, https:\/\/observatorioarmenia.org\/site\/wp-content\/uploads\/2024\/11\/1.IPVN_-768x543.jpeg 768w\" sizes=\"auto, (max-width: 921px) 100vw, 921px\" \/><figcaption class=\"wp-element-caption\">Fuente: Secretar\u00eda de Hacienda de Armenia con fotos satelitales <em>Landsat 9<\/em>-2023<\/figcaption><\/figure>\n<\/div>\n\n\n<p>La informaci\u00f3n sobre el desempe\u00f1o en las pruebas estandarizadas de matem\u00e1ticas, lectura cr\u00edtica e ingl\u00e9s proviene del Instituto Colombiano para la Evaluaci\u00f3n de la Educaci\u00f3n (ICFES) para el a\u00f1o 2019. Este documento utiliza el promedio del Examen de Estado de la Educaci\u00f3n Media, Saber 11\u00b0. Esta prueba es un instrumento de evaluaci\u00f3n estandarizado que mide oficialmente la calidad de la educaci\u00f3n formal brindada a quienes culminan el nivel de educaci\u00f3n secundaria. Seg\u00fan el ICFES, Saber 11\u00b0 comprende cinco pruebas: Lectura Cr\u00edtica, Matem\u00e1ticas, Sociales y Ciudadanas, Ciencias Naturales e Ingl\u00e9s.<\/p>\n\n\n\n<p>De acuerdo con el ICFES (2017), los puntajes de las \u00e1reas (Lectura Cr\u00edtica, Matem\u00e1ticas, Sociales y Ciudadanas, Ciencias Naturales e Ingl\u00e9s) van de 0 a 100. Por su parte, los puntajes globales se presentan en un rango de 0 a 500. Seg\u00fan el ICFES (2017), el puntaje global se calcula utilizando la f\u00f3rmula:<\/p>\n\n\n\n<p><strong>Puntaje Global = [3<em>LC + 3<\/em>M + 3<em>SC + 3<\/em>CN + 1*I] \/ 13<\/strong>,<\/p>\n\n\n\n<p>donde LC, M, SC, CN e I representan los puntajes obtenidos en Lectura Cr\u00edtica, Matem\u00e1ticas, Sociales y Ciudadanas, Ciencias Naturales e Ingl\u00e9s, respectivamente.<\/p>\n\n\n\n<p>El siguiente mapa presenta los puntajes globales del examen Saber 11\u00b0 y su relaci\u00f3n espacial con las \u00e1reas de NDVI categorizadas. Los puntajes m\u00e1s altos (305-350) se encuentran predominantemente en zonas cercanas a \u00e1reas con mayor cobertura vegetal (NDVI \u2265 0.3), mientras que los puntajes m\u00e1s bajos (234-248) se concentran en \u00e1reas con menor disponibilidad de vegetaci\u00f3n. Esto sugiere un patr\u00f3n espacial en el cual el desempe\u00f1o acad\u00e9mico m\u00e1s favorable tiende a coincidir con la presencia de espacios verdes en el entorno.<\/p>\n\n\n<div class=\"wp-block-image\">\n<figure class=\"aligncenter size-full\"><img loading=\"lazy\" decoding=\"async\" width=\"921\" height=\"651\" src=\"https:\/\/observatorioarmenia.org\/site\/wp-content\/uploads\/2024\/11\/1.IPVN_-1.jpeg\" alt=\"\" class=\"wp-image-4364\" srcset=\"https:\/\/observatorioarmenia.org\/site\/wp-content\/uploads\/2024\/11\/1.IPVN_-1.jpeg 921w, https:\/\/observatorioarmenia.org\/site\/wp-content\/uploads\/2024\/11\/1.IPVN_-1-300x212.jpeg 300w, https:\/\/observatorioarmenia.org\/site\/wp-content\/uploads\/2024\/11\/1.IPVN_-1-768x543.jpeg 768w\" sizes=\"auto, (max-width: 921px) 100vw, 921px\" \/><figcaption class=\"wp-element-caption\">Fuente: Secretar\u00eda de Hacienda de Armenia con datos Lansat9 2023 e ICFES (2024)<\/figcaption><\/figure>\n<\/div>\n\n\n<p>Comparando ambos mapas, se identifica una posible asociaci\u00f3n positiva entre la disponibilidad de cobertura vegetal y el desempe\u00f1o acad\u00e9mico. Las \u00e1reas con mayor proporci\u00f3n de vegetaci\u00f3n no solo ofrecen entornos m\u00e1s naturales, sino que tambi\u00e9n parecen estar vinculadas a mejores resultados en el Saber 11\u00b0. Aunque este an\u00e1lisis no permite establecer causalidad, respalda la idea de que la exposici\u00f3n a espacios verdes podr\u00eda tener un impacto favorable en el rendimiento acad\u00e9mico, aline\u00e1ndose con teor\u00edas como la Restauraci\u00f3n de la Atenci\u00f3n y la Recuperaci\u00f3n del Estr\u00e9s. Para verificar esta relaci\u00f3n, ser\u00eda necesario complementar este an\u00e1lisis visual con estudios estad\u00edsticos robustos.<\/p>\n\n\n\n<p><strong>Referencias<\/strong><\/p>\n\n\n\n<p>Freeman, C., Dickinson, K. J. M., Porter, S., &amp; Van Heezik, Y. (2012). My garden is anexpression of me: Exploring householders\u2019 relationships with their gardens. Journal of Environmental Psychology, 32(2), 135\u2013143.<\/p>\n\n\n\n<p>Helbich, M., Klein, N., Roberts, H., Hagedoorn, P., &amp; Groenewegen, P. P. (2018). More green space is related to less antidepressant prescription rates in the Netherlands: A Bayesian geoadditive quantile regression approach.&nbsp;<em>Environmental research<\/em>,&nbsp;<em>166<\/em>, 290-297.<\/p>\n\n\n\n<p>Hodson, C. B., &amp; Sander, H. A. (2019). Relationships between vegetation in student environments and academic achievement across the continental U.S. <em>Landscape and urban planning<\/em>,&nbsp;<em>pp. 189<\/em>, 212\u2013224.<\/p>\n\n\n\n<p>Kaplan S. The restorative benefits of nature: Toward an integrative framework. J Environ Psychol. 1995;15:169\u201382. doi:10.1016\/0272-4944(95)90001-2.<\/p>\n\n\n\n<p>Kaplan, S., &amp; Berman, M. G. (2010). Directed attention as a common resource for executive functioning and self-regulation.&nbsp;<em>Perspectives on psychological science<\/em>,&nbsp;<em>5<\/em>(1), 43\u201357.<\/p>\n","protected":false},"excerpt":{"rendered":"<p>I. Contexto La evidencia emp\u00edrica ha documentado que la exposici\u00f3n a espacios verdes afecta positivamente la memoria, la flexibilidad cognitiva o el control de la atenci\u00f3n (Stevenson et al., 2018). Por lo tanto, desde un punto de vista te\u00f3rico, se han propuesto dos mecanismos para comprender los efectos de la<\/p>\n<div class=\"continue-reading-wrapper\"><a href=\"https:\/\/observatorioarmenia.org\/site\/uncategorized\/observatorio-inmobiliario-espacios-verdes-y-rendimiento-escolar-en-armenia\/\" class=\"continue-reading\">Ampliar informaci\u00f3n<i class=\"ion-ios-arrow-right\"><\/i><\/a><\/div>\n","protected":false},"author":1,"featured_media":0,"comment_status":"open","ping_status":"closed","sticky":false,"template":"","format":"standard","meta":{"footnotes":""},"categories":[1],"tags":[],"class_list":["post-4362","post","type-post","status-publish","format-standard","hentry","category-uncategorized"],"_links":{"self":[{"href":"https:\/\/observatorioarmenia.org\/site\/wp-json\/wp\/v2\/posts\/4362","targetHints":{"allow":["GET"]}}],"collection":[{"href":"https:\/\/observatorioarmenia.org\/site\/wp-json\/wp\/v2\/posts"}],"about":[{"href":"https:\/\/observatorioarmenia.org\/site\/wp-json\/wp\/v2\/types\/post"}],"author":[{"embeddable":true,"href":"https:\/\/observatorioarmenia.org\/site\/wp-json\/wp\/v2\/users\/1"}],"replies":[{"embeddable":true,"href":"https:\/\/observatorioarmenia.org\/site\/wp-json\/wp\/v2\/comments?post=4362"}],"version-history":[{"count":2,"href":"https:\/\/observatorioarmenia.org\/site\/wp-json\/wp\/v2\/posts\/4362\/revisions"}],"predecessor-version":[{"id":4366,"href":"https:\/\/observatorioarmenia.org\/site\/wp-json\/wp\/v2\/posts\/4362\/revisions\/4366"}],"wp:attachment":[{"href":"https:\/\/observatorioarmenia.org\/site\/wp-json\/wp\/v2\/media?parent=4362"}],"wp:term":[{"taxonomy":"category","embeddable":true,"href":"https:\/\/observatorioarmenia.org\/site\/wp-json\/wp\/v2\/categories?post=4362"},{"taxonomy":"post_tag","embeddable":true,"href":"https:\/\/observatorioarmenia.org\/site\/wp-json\/wp\/v2\/tags?post=4362"}],"curies":[{"name":"wp","href":"https:\/\/api.w.org\/{rel}","templated":true}]}}