{"id":3705,"date":"2024-07-31T14:01:21","date_gmt":"2024-07-31T19:01:21","guid":{"rendered":"https:\/\/observatorioarmenia.org\/site\/?p=3705"},"modified":"2024-07-31T14:01:23","modified_gmt":"2024-07-31T19:01:23","slug":"observatorio-economico-desempleo-de-armenia-11-7-ibague-14-9-manizales-11-6-pereira-10-0-y-el-nacional-10-4-en-el-trim-movil-abril-a-junio-2024","status":"publish","type":"post","link":"https:\/\/observatorioarmenia.org\/site\/uncategorized\/observatorio-economico-desempleo-de-armenia-11-7-ibague-14-9-manizales-11-6-pereira-10-0-y-el-nacional-10-4-en-el-trim-movil-abril-a-junio-2024\/","title":{"rendered":"Observatorio Econ\u00f3mico: desempleo de Armenia 11.7%, Ibagu\u00e9 14.9%, Manizales 11.6%, Pereira 10.0% y el nacional 10.4% en el trim. m\u00f3vil abril a junio 2024"},"content":{"rendered":"\n<p>I. Contexto<\/p>\n\n\n\n<p>El desempleo del trimestre m\u00f3vil de abril a junio de 2024 fue para Armenia 11.7% ocupando la posici\u00f3n 11 entre 23 ciudades (11\/23), Ibagu\u00e9 14.9% (4\/23), Pereira 10.0% (18\/23). El desempleo nacional fue de 10.4%, aumentando 0.2% con respecto al mismo trimestre del a\u00f1o anterior, donde el desempleo fue de 10.2%.<\/p>\n\n\n\n<p>La informalidad fue para Armenia de 39.4%, Ibagu\u00e9 49.4%, Manizales 33.0% y Pereira 39.6%. La nacional fue 55.8%.<\/p>\n\n\n\n<p>El desempleo juvenil fue para Armenia 19.4%, Ibagu\u00e9 22.8%, Manizales 17.8% y Pereira 16.3%. El nacional fue de 17.7%.<\/p>\n\n\n<div class=\"wp-block-image\">\n<figure class=\"aligncenter size-large\"><img loading=\"lazy\" decoding=\"async\" width=\"1024\" height=\"597\" src=\"https:\/\/observatorioarmenia.org\/site\/wp-content\/uploads\/2024\/07\/1.ML_-1024x597.jpeg\" alt=\"\" class=\"wp-image-3706\" srcset=\"https:\/\/observatorioarmenia.org\/site\/wp-content\/uploads\/2024\/07\/1.ML_-1024x597.jpeg 1024w, https:\/\/observatorioarmenia.org\/site\/wp-content\/uploads\/2024\/07\/1.ML_-300x175.jpeg 300w, https:\/\/observatorioarmenia.org\/site\/wp-content\/uploads\/2024\/07\/1.ML_-768x448.jpeg 768w, https:\/\/observatorioarmenia.org\/site\/wp-content\/uploads\/2024\/07\/1.ML_-1536x896.jpeg 1536w, https:\/\/observatorioarmenia.org\/site\/wp-content\/uploads\/2024\/07\/1.ML_.jpeg 1752w\" sizes=\"auto, (max-width: 1024px) 100vw, 1024px\" \/><figcaption class=\"wp-element-caption\">Fuente: Secretar\u00eda de Hacienda de Armenia (2024).<\/figcaption><\/figure>\n<\/div>\n\n\n<p>II. Ocupados por ciudades<\/p>\n\n\n\n<p>En Armenia, las ramas que aumentaron ocupados fueron comercio con 3.244 personas, administraci\u00f3n p\u00fablica 2.459, industria manufacturera 2.140 y actividades art\u00edsticas con 1.114 ocupados adicionales. La ramas con disminuciones fueron construcci\u00f3n -1.281 personas, actividades profesionales 902 y actividades financieras con -755 personas menos.<\/p>\n\n\n\n<p>La ciudad de Ibagu\u00e9 present\u00f3 aumento en comercio con 5.042 personas, actividades art\u00edsticas 2.330 y administraci\u00f3n p\u00fablica con 1.153 personas adicionales. Los sectores con mayores contracciones en personal fueron construcci\u00f3n con -3.631 personas menos, actividades profesionales con -2.842 personas menos, transporte y almacenamiento con 2.652 personas menos. <\/p>\n\n\n<div class=\"wp-block-image\">\n<figure class=\"aligncenter size-large is-resized\"><img loading=\"lazy\" decoding=\"async\" width=\"1024\" height=\"545\" src=\"https:\/\/observatorioarmenia.org\/site\/wp-content\/uploads\/2024\/07\/2.-ML-1024x545.jpeg\" alt=\"\" class=\"wp-image-3707\" style=\"width:922px;height:auto\" srcset=\"https:\/\/observatorioarmenia.org\/site\/wp-content\/uploads\/2024\/07\/2.-ML-1024x545.jpeg 1024w, https:\/\/observatorioarmenia.org\/site\/wp-content\/uploads\/2024\/07\/2.-ML-300x160.jpeg 300w, https:\/\/observatorioarmenia.org\/site\/wp-content\/uploads\/2024\/07\/2.-ML-768x409.jpeg 768w, https:\/\/observatorioarmenia.org\/site\/wp-content\/uploads\/2024\/07\/2.-ML-1536x818.jpeg 1536w, https:\/\/observatorioarmenia.org\/site\/wp-content\/uploads\/2024\/07\/2.-ML.jpeg 1860w\" sizes=\"auto, (max-width: 1024px) 100vw, 1024px\" \/><figcaption class=\"wp-element-caption\">Fuente: Secretar\u00eda de Hacienda de Armenia (2024).<\/figcaption><\/figure>\n<\/div>\n\n\n<p>La ciudad de Manizales present\u00f3 aumentos en transporte y almacenamiento con 3.154 personas, administraci\u00f3n p\u00fablica con 3.141 personas, y alojamientos y servicios de comida con 1.760 personas. Las disminuciones se dieron en industria manufacturera con -5.023 personas, informaci\u00f3n y comunicaciones con -2.491 personas y construcci\u00f3n con -2.184 personas.<\/p>\n\n\n\n<p>La ciudad de Pereira present\u00f3 aumento en comercio con 12.513 personas, explotaci\u00f3n minera 7.132 personas, administraci\u00f3n p\u00fablica con 4.022, construcci\u00f3n con 3.742 y transporte y almacenamiento con 1.804 personas. Las disminuciones se dieron en actividades profesionales con -7.131 personas, actividades financieras con -3.178 personas, informaci\u00f3n y comunicaciones con -1.802 personas y actividades art\u00edsticas con -1.349 personas.<\/p>\n\n\n\n<p>III. Ocupados por posici\u00f3n<\/p>\n\n\n\n<p>Armenia aument\u00f3 los empleados particulares en 7.239 personas y disminuy\u00f3 los cuenta propia en -1.192 personas. Los empleados del gobierno tambi\u00e9n cayeron en -874 personas.<\/p>\n\n\n\n<p>La ciudad de Ibagu\u00e9 aument\u00f3 los empleados particulares en 3.056 personas y disminuy\u00f3 los cuenta propia en -6.343 personas.<\/p>\n\n\n\n<p>La ciudad de Pereira aument\u00f3 los empleados particulares en 9.377 personas y disminuy\u00f3 los cuenta propia en 1.002 personas.<\/p>\n\n\n\n<p>La ciudad de Manizales disminuy\u00f3 los empleados particulares en -1.755 personas, aument\u00f3 los empleados del gobierno en 940 personas y disminuy\u00f3 los cuenta propia en -966 personas.<\/p>\n\n\n\n<figure class=\"wp-block-image size-large\"><img loading=\"lazy\" decoding=\"async\" width=\"1024\" height=\"432\" src=\"https:\/\/observatorioarmenia.org\/site\/wp-content\/uploads\/2024\/07\/3.-ML-1024x432.jpeg\" alt=\"\" class=\"wp-image-3710\" srcset=\"https:\/\/observatorioarmenia.org\/site\/wp-content\/uploads\/2024\/07\/3.-ML-1024x432.jpeg 1024w, https:\/\/observatorioarmenia.org\/site\/wp-content\/uploads\/2024\/07\/3.-ML-300x126.jpeg 300w, https:\/\/observatorioarmenia.org\/site\/wp-content\/uploads\/2024\/07\/3.-ML-768x324.jpeg 768w, https:\/\/observatorioarmenia.org\/site\/wp-content\/uploads\/2024\/07\/3.-ML-1536x648.jpeg 1536w, https:\/\/observatorioarmenia.org\/site\/wp-content\/uploads\/2024\/07\/3.-ML.jpeg 1798w\" sizes=\"auto, (max-width: 1024px) 100vw, 1024px\" \/><figcaption class=\"wp-element-caption\">Fuente: Secretar\u00eda de Hacienda con datos Dane (2024)<\/figcaption><\/figure>\n\n\n\n<p>IV. An\u00e1lisis<\/p>\n\n\n\n<p>La ciudad de Armenia disminuy\u00f3 su desempleo en -0.5%, aumentando ocupados en los sectores como comercio, industria y administraci\u00f3n p\u00fablica y disminuyendo inactivos, lo que arroj\u00f3 que los desocupados permanecieran pr\u00e1cticamente igual. Gener\u00f3 empleos particulares y disminuy\u00f3 cuenta propia en sectores como comercio e industria y disminuy\u00f3 en actividades profesionales y construcci\u00f3n, un sector que todav\u00eda no se activa, a\u00fan as\u00ed, sube de la posici\u00f3n 15 a la 11 en tasa desempleo a pesar de haber disminuido, lo que indica que su posici\u00f3n es relativa al comportamiento del mercado laboral de otras ciudades y que probablemente su tasa estructural de desempleo (o tasa m\u00ednima que se da por la estructura econ\u00f3mica y del tejido empresarial de la ciudad) se encuentra alrededor del 11.5%.<\/p>\n\n\n\n<p>La ciudad de Ibagu\u00e9 disminuy\u00f3 su tasa de desempleo en -1.25%, reduciendo desocupados y manteniendo los puestos de trabajo en los ocupados, aunque los inactivos aumentaron lo que puede estar sosteniendo la disminuci\u00f3n en la tasa de desempleo, al quitar presi\u00f3n sobre el grupo que busca trabajo. Las actividades de comercio y art\u00edsticas marcaron la creaci\u00f3n de empleo, mientras que la construcci\u00f3n y el transporte siguen perdiendo empleos. En el neto, se crearon empleos particulares y disminuy\u00f3 cuenta propia.<\/p>\n\n\n\n<p>La ciudad de Manizales aument\u00f3 su tasa de desempleo en 0.94%, al disminuir los ocupados, aumentar los desocupados y quitar presi\u00f3n al mercado laboral por el aumento de los inactivos. El sector de transporte, administraci\u00f3n p\u00fablica y alojamientos mejoraron el panorama, pero se siguen perdiendo empleos en la industria y la construcci\u00f3n. Prueba de lo anterior es que los empleos particulares est\u00e1n disminuyendo, pero tambi\u00e9n lo hacen los cuenta propia, lo que muestra destrucci\u00f3n neta de puestos de trabajo. Solo el sector de la administraci\u00f3n p\u00fablica ve aumentos en su ocupados.<\/p>\n\n\n\n<p>La ciudad de Pereira aument\u00f3 su tasa de desempleo en 0.37%, que es un margen menor por aumento de ocupados y desocupados simult\u00e1neamente, posiblemente por la presi\u00f3n generada en la disminuci\u00f3n de los inactivos. El comercio, la administraci\u00f3n p\u00fablica y curiosamente la construcci\u00f3n colaboraron en la creaci\u00f3n de puestos de trabajo. En contraposici\u00f3n, las actividades profesionales y las financieras vieron disminuir puestos de trabajo. Igual, la din\u00e1mica tiene un buen horizonte ante el aumento de empleos particulares y disminuci\u00f3n de cuante propia.<\/p>\n\n\n\n<p>Referencias<\/p>\n\n\n\n<p>Dane. 2024. Principales Resultados de Mercado Laboral, Abril-Junio 2024. <a href=\"https:\/\/www.dane.gov.co\/files\/operaciones\/GEIH\/pres-GEIH-jun2024.pdf\">pres-GEIH-jun2024.pdf (dane.gov.co)<\/a><\/p>\n","protected":false},"excerpt":{"rendered":"<p>I. Contexto El desempleo del trimestre m\u00f3vil de abril a junio de 2024 fue para Armenia 11.7% ocupando la posici\u00f3n 11 entre 23 ciudades (11\/23), Ibagu\u00e9 14.9% (4\/23), Pereira 10.0% (18\/23). El desempleo nacional fue de 10.4%, aumentando 0.2% con respecto al mismo trimestre del a\u00f1o anterior, donde el desempleo<\/p>\n<div class=\"continue-reading-wrapper\"><a href=\"https:\/\/observatorioarmenia.org\/site\/uncategorized\/observatorio-economico-desempleo-de-armenia-11-7-ibague-14-9-manizales-11-6-pereira-10-0-y-el-nacional-10-4-en-el-trim-movil-abril-a-junio-2024\/\" class=\"continue-reading\">Ampliar informaci\u00f3n<i class=\"ion-ios-arrow-right\"><\/i><\/a><\/div>\n","protected":false},"author":1,"featured_media":0,"comment_status":"open","ping_status":"closed","sticky":false,"template":"","format":"standard","meta":{"footnotes":""},"categories":[1],"tags":[],"class_list":["post-3705","post","type-post","status-publish","format-standard","hentry","category-uncategorized"],"_links":{"self":[{"href":"https:\/\/observatorioarmenia.org\/site\/wp-json\/wp\/v2\/posts\/3705","targetHints":{"allow":["GET"]}}],"collection":[{"href":"https:\/\/observatorioarmenia.org\/site\/wp-json\/wp\/v2\/posts"}],"about":[{"href":"https:\/\/observatorioarmenia.org\/site\/wp-json\/wp\/v2\/types\/post"}],"author":[{"embeddable":true,"href":"https:\/\/observatorioarmenia.org\/site\/wp-json\/wp\/v2\/users\/1"}],"replies":[{"embeddable":true,"href":"https:\/\/observatorioarmenia.org\/site\/wp-json\/wp\/v2\/comments?post=3705"}],"version-history":[{"count":6,"href":"https:\/\/observatorioarmenia.org\/site\/wp-json\/wp\/v2\/posts\/3705\/revisions"}],"predecessor-version":[{"id":3714,"href":"https:\/\/observatorioarmenia.org\/site\/wp-json\/wp\/v2\/posts\/3705\/revisions\/3714"}],"wp:attachment":[{"href":"https:\/\/observatorioarmenia.org\/site\/wp-json\/wp\/v2\/media?parent=3705"}],"wp:term":[{"taxonomy":"category","embeddable":true,"href":"https:\/\/observatorioarmenia.org\/site\/wp-json\/wp\/v2\/categories?post=3705"},{"taxonomy":"post_tag","embeddable":true,"href":"https:\/\/observatorioarmenia.org\/site\/wp-json\/wp\/v2\/tags?post=3705"}],"curies":[{"name":"wp","href":"https:\/\/api.w.org\/{rel}","templated":true}]}}