{"id":3435,"date":"2024-04-30T15:26:40","date_gmt":"2024-04-30T20:26:40","guid":{"rendered":"https:\/\/observatorioarmenia.org\/site\/?p=3435"},"modified":"2024-04-30T15:46:05","modified_gmt":"2024-04-30T20:46:05","slug":"observatorio-economico-td-trim-enero-a-marzo-2024-de-armenia-12-4-16-23-ibague-14-9-6-23-manizales-11-9-17-23-pereira-13-6-10-23-y-nacional-11-9","status":"publish","type":"post","link":"https:\/\/observatorioarmenia.org\/site\/uncategorized\/observatorio-economico-td-trim-enero-a-marzo-2024-de-armenia-12-4-16-23-ibague-14-9-6-23-manizales-11-9-17-23-pereira-13-6-10-23-y-nacional-11-9\/","title":{"rendered":"Observatorio Econ\u00f3mico: TD trim. enero a marzo 2024 de Armenia 12.4% (16\/23), Ibagu\u00e9 14.9% (6\/23), Manizales 11.9% (17\/23), Pereira 13.6% (10\/23) y nacional 11.9%"},"content":{"rendered":"\n<p>I. Contexto<\/p>\n\n\n\n<p>La tasa de desempleo del trimestre m\u00f3vil enero a marzo de 2024 fue para Armenia 12.4%, ocupando la posici\u00f3n 16 entre 23 ciudades. Ibagu\u00e9 14.9% (6\/23), Manizales 11.9% (17\/23) y Pereira 13.6% (10\/23). La tasa de desempleo nacional fue de 11.9%.<\/p>\n\n\n\n<p>La tasa desempleo juvenil fue de 20.1% para Armenia, Ibagu\u00e9 23.0%, Manizales 18.5% y Pereira 19.7%. La nacional fue de 20.0%.<\/p>\n\n\n\n<p>La informalidad acumul\u00f3 para Armenia 42.9%, Ibagu\u00e9 46.6%, Manizales 35.0% y Pereira 40.2%. La nacional acumul\u00f3 56.3%.<\/p>\n\n\n\n<p>II. Resultados por ciudades<\/p>\n\n\n\n<p>Armenia redujo su TD en -0.72%, la tasa de ocupaci\u00f3n aument\u00f3 1.55%, la global de participaci\u00f3n 1.30% y la poblaci\u00f3n en edad de trabajar lo hizo en 0.06%. La poblaci\u00f3n en edad de trabajar aumento en 3.670 personas, la fuerza de trabajo en 5.452, la ocupada en 5.810, la poblaci\u00f3n desocupada disminuy\u00f3 en 357 personas y los inactivos en 1.782 personas. La fuerza de trabajo potencial aument\u00f3 en 1.582 personas.<\/p>\n\n\n\n<p>La ciudad de Ibagu\u00e9 disminuy\u00f3 su tasa de desocupaci\u00f3n en 4.30%, la de ocupaci\u00f3n aument\u00f3 en 2.66%, la global de participaci\u00f3n en 0.32% y la poblaci\u00f3n en edad de trabajar en 0.33%. La poblaci\u00f3n en edad de trabajar aumento en 3.243 personas, la fuerza de trabajo en 3.145 personas, la poblaci\u00f3n ocupada en 12.546 personas, la poblaci\u00f3n desocupada se redujo en 9.401 personas, los inactivos en 98 personas y la fuerza de trabajo potencial se redujo en 4.014 personas.<\/p>\n\n\n<div class=\"wp-block-image\">\n<figure class=\"aligncenter size-large\"><img loading=\"lazy\" decoding=\"async\" width=\"1024\" height=\"601\" src=\"https:\/\/observatorioarmenia.org\/site\/wp-content\/uploads\/2024\/04\/1.ML_-1024x601.jpeg\" alt=\"\" class=\"wp-image-3437\" srcset=\"https:\/\/observatorioarmenia.org\/site\/wp-content\/uploads\/2024\/04\/1.ML_-1024x601.jpeg 1024w, https:\/\/observatorioarmenia.org\/site\/wp-content\/uploads\/2024\/04\/1.ML_-300x176.jpeg 300w, https:\/\/observatorioarmenia.org\/site\/wp-content\/uploads\/2024\/04\/1.ML_-768x450.jpeg 768w, https:\/\/observatorioarmenia.org\/site\/wp-content\/uploads\/2024\/04\/1.ML_-1536x901.jpeg 1536w, https:\/\/observatorioarmenia.org\/site\/wp-content\/uploads\/2024\/04\/1.ML_.jpeg 1724w\" sizes=\"auto, (max-width: 1024px) 100vw, 1024px\" \/><figcaption class=\"wp-element-caption\">Fuente. Secretar\u00eda de Hacienda de Armenia con datos Dane (2024).<\/figcaption><\/figure>\n<\/div>\n\n\n<p>La ciudad de Pereira aument\u00f3 su poblaci\u00f3n en edad de trabajar en 7.358 personas, disminuy\u00f3 su fuerza de trabajo en 2.325 personas, disminuy\u00f3 la poblaci\u00f3n ocupada en 13.175 personas, los desocupados aumentaron en 10.850 personas, los inactivos aumentaron en 9.683 personas y la fuerza de trabajo potencial lo hizo en 2.006 personas.<\/p>\n\n\n\n<p>La ciudad de Manizales aument\u00f3 su tasa de desocupaci\u00f3n en 0.86%, disminuy\u00f3 la de ocupaci\u00f3n en -0.59%, la tasa global de participaci\u00f3n disminuy\u00f3 en -0.09% y la poblaci\u00f3n en edad de trabajar aument\u00f3 en 0.18%. La poblaci\u00f3n en edad de trabajar aument\u00f3 en 6.124 personas, la fuerza de trabajo lo hizo en 3.193 personas, la poblaci\u00f3n ocupada en 698 personas, la desocupada en 2.494 personas, los inactivos aumentaron en 2.812 personas y la fuerza de trabajo potencial disminuy\u00f3 en 4.601 personas.<\/p>\n\n\n\n<p>III. Comportamiento de las ramas econ\u00f3micas por ciudades<\/p>\n\n\n\n<p>Para Armenia, el mayor aumento de ocupados lo experiment\u00f3 el comercio con 3.542 personas. El segundo sector con mayor contrataci\u00f3n fue el sector p\u00fablico con 2.729 personas, seguido por actividades profesionales con 1.701 personas. La mayor contracci\u00f3n fue para la construcci\u00f3n con 1.878 personas menos seguido de industrias manufactureras con 1.109 personas y agricultura con 546 personas menos.<\/p>\n\n\n\n<p>Para la ciudad de Ibagu\u00e9 la mayor contrataci\u00f3n fue en el sector de transporte con 4.765 personas, seguido por actividades art\u00edsticas con 3.012 personas y comercio con 2.627 personas m\u00e1s. Las industrias manufactureras presentaron contracci\u00f3n con 2.413 personas menos y actividades profesionales con 2.408 personas menos. <\/p>\n\n\n<div class=\"wp-block-image\">\n<figure class=\"aligncenter size-large\"><img loading=\"lazy\" decoding=\"async\" width=\"1024\" height=\"541\" src=\"https:\/\/observatorioarmenia.org\/site\/wp-content\/uploads\/2024\/04\/2.-ML-1024x541.jpeg\" alt=\"\" class=\"wp-image-3442\" srcset=\"https:\/\/observatorioarmenia.org\/site\/wp-content\/uploads\/2024\/04\/2.-ML-1024x541.jpeg 1024w, https:\/\/observatorioarmenia.org\/site\/wp-content\/uploads\/2024\/04\/2.-ML-300x159.jpeg 300w, https:\/\/observatorioarmenia.org\/site\/wp-content\/uploads\/2024\/04\/2.-ML-768x406.jpeg 768w, https:\/\/observatorioarmenia.org\/site\/wp-content\/uploads\/2024\/04\/2.-ML-1536x812.jpeg 1536w, https:\/\/observatorioarmenia.org\/site\/wp-content\/uploads\/2024\/04\/2.-ML.jpeg 1860w\" sizes=\"auto, (max-width: 1024px) 100vw, 1024px\" \/><figcaption class=\"wp-element-caption\">Fuente: Secretar\u00eda de Hacienda de Armenia con datos Dane (2024)<\/figcaption><\/figure>\n<\/div>\n\n\n<p>IV. Comportamiento por ocupaci\u00f3n laboral<\/p>\n\n\n\n<p>La ciudad de Armenia disminuy\u00f3 los empleados en 3.123 personas y los jornaleros en 1.274 personas. Los aumentos se dieron en el trabajo por cuenta propia en 7.385 personas y el patr\u00f3n en 1.756 personas. Lo empleados del gobierno aumentaron en 1.232 personas. <\/p>\n\n\n\n<p>La ciudad de Ibagu\u00e9 aument\u00f3 los empleados en 18.693 personas, los empleados dom\u00e9sticos en 1.927 personas, y los patrones empleadores en 2.230 personas. Las disminuciones se dieron en los empleados del gobierno con 3.710 personas menos y los trabajadores por cuenta propia con 7.990 personas menos.<\/p>\n\n\n<div class=\"wp-block-image\">\n<figure class=\"aligncenter size-large\"><img loading=\"lazy\" decoding=\"async\" width=\"1024\" height=\"431\" src=\"https:\/\/observatorioarmenia.org\/site\/wp-content\/uploads\/2024\/04\/3.-ML-1024x431.jpeg\" alt=\"\" class=\"wp-image-3446\" srcset=\"https:\/\/observatorioarmenia.org\/site\/wp-content\/uploads\/2024\/04\/3.-ML-1024x431.jpeg 1024w, https:\/\/observatorioarmenia.org\/site\/wp-content\/uploads\/2024\/04\/3.-ML-300x126.jpeg 300w, https:\/\/observatorioarmenia.org\/site\/wp-content\/uploads\/2024\/04\/3.-ML-768x324.jpeg 768w, https:\/\/observatorioarmenia.org\/site\/wp-content\/uploads\/2024\/04\/3.-ML-1536x647.jpeg 1536w, https:\/\/observatorioarmenia.org\/site\/wp-content\/uploads\/2024\/04\/3.-ML.jpeg 1868w\" sizes=\"auto, (max-width: 1024px) 100vw, 1024px\" \/><figcaption class=\"wp-element-caption\">Fuente: Secretar\u00eda de Hacienda de Armenia con datos Dane (2024).<\/figcaption><\/figure>\n<\/div>\n\n\n<p>La ciudad de Pereira aument\u00f3 los empleados particulares en 10.045 personas. Las disminuciones se dieron en empleados del gobierno con 1.851 personas menos, empleados dom\u00e9sticos con 1.410 personas, trabajador por cuenta propia con 15.092 personas menos, patrones con 2.282 menos y jornalero con 598 personas menos.<\/p>\n\n\n\n<p>Manizales y su \u00e1rea metropolitana disminuy\u00f3 los empleados en 1.293 personas, los empleados del gobierno en 515 y los patrones en 889 personas. Aument\u00f3 los trabajadores por cuenta propia en 3.401 personas y los jornaleros en 189 personas.<\/p>\n\n\n\n<p>V. An\u00e1lisis<\/p>\n\n\n\n<p>A nivel nacional, disminuyeron los ocupados en 149.000 personas y aumentaron los desocupados en 339.000 personas, con lo que la tasa de desempleo (TD) al ser el ratio entre los desocupados y la suma de ocupados y desocupados aument\u00f3, pasando de 10.0% a 11.3% anual. Lo anterior revela una disminuci\u00f3n del crecimiento econ\u00f3mico a nivel nacional.<\/p>\n\n\n\n<p>En la Rap Eje Cafetero no es ajena a esta situaci\u00f3n y por ciudad se tiene las siguientes condiciones:<\/p>\n\n\n\n<ul class=\"wp-block-list\">\n<li>La ciudad de Armenia logra aumentar los ocupados m\u00e1s que proporcionalmente a la disminuci\u00f3n de los desocupados que fue marginal, lo que le permiti\u00f3 disminuir su tasa de desempleo en 0.72%. El choque se ha reducido gracias a la participaci\u00f3n del sector de la administraci\u00f3n p\u00fablica, que ha compensado casi el 40% de la perdida de puestos de los empleados. Para el restante 60%, significa que se est\u00e1n generando puestos de trabajo adicionales que absorbieron desempleados e inactivos que salieron a buscar trabajo, pero en iniciativas cuenta propia, muy cercanas a los emprendedores rentistas de corto plazo, por lo que se puede estar dando un transici\u00f3n de los negocios formales que se fundamentan en condiciones de demanda s\u00f3lidas a emprendimientos que aprovechan la coyuntura de una demanda limitada por ingresos de los hogares cada vez m\u00e1s estrechos.<\/li>\n\n\n\n<li>La ciudad de Manizales aumenta la poblaci\u00f3n ocupada marginalmente, la desocupada m\u00e1s que proporcionalmente a la anterior y se experimenta aumento de inactivos. Estas condiciones, unido a disminuciones en los empleados particulares y del gobierno y el aumento de los cuenta propia, demuestra destrucci\u00f3n de puestos de trabajo por parte del sector empresarial. Afortunadamente, las buenas condiciones laborales de la ciudad le permiten amortiguar el choque, y a pesar de aumentar la tasa de desempleo 0.9%, sigue siendo de las m\u00e1s bajas del pa\u00eds.<\/li>\n\n\n\n<li>La ciudad de Pereira disminuye su poblaci\u00f3n ocupada y aumenta la desocupada casi en la misma proporci\u00f3n, mientras que los inactivos aumentan. Lo anterior refleja p\u00e9rdida de puestos de trabajo desde las iniciativas cuenta propia, que vio una severa reducci\u00f3n frente a los aumentos en los empleados particulares que no alcanz\u00f3 a compensar los empleos que se dejaron de generar el sector de la administraci\u00f3n p\u00fablica, los patrones, empleados dom\u00e9sticos, jornaleros y el mismo cuenta propia. Desde la din\u00e1mica de las 12 ramas econ\u00f3micas solo cinco aumentaron marginalmente y las siete restantes mostraron disminuciones, lo que se tradujo en un aumento del desempleo en 3.4%. De mantenerse la presente evoluci\u00f3n, reflejar\u00eda condiciones apremiantes desde el punto de vista de la demanda de los hogares, que pueden estar sufriendo restricciones severas en sus ingresos lo que repercute en las ventas de productos y servicios de las empresas.<\/li>\n\n\n\n<li>La ciudad de Ibagu\u00e9 experiment\u00f3 aumento de los ocupados y disminuci\u00f3n casi que proporcional de los desocupados. Los inactivos permanecieron estables. Los empleados particulares crecieron de manera importante mientras que los empleados del gobierno y los cuenta propia disminuyeron. En general, la mayor\u00eda de las ramas econ\u00f3micas mostraron aumento de puestos de trabajo, excepto la industria manufacturera, lo que le permiti\u00f3 a la ciudad disminuir 4.3% en su tasa de desempleo.<\/li>\n<\/ul>\n\n\n\n<p>La tasa de desempleo anual (abril\/23 a marzo\/24) converge a 11.9% para Armenia, 14.8% para Ibagu\u00e9, 10.2% para Manizales y 10.5% para Pereira.<\/p>\n\n\n\n<p class=\"has-text-align-center\">Maximice la ventana del tablero para una mejor consulta de los datos<\/p>\n\n\n<div class=\"wp-block-image\">\n<figure class=\"aligncenter size-full\"><img loading=\"lazy\" decoding=\"async\" width=\"750\" height=\"51\" src=\"https:\/\/observatorioarmenia.org\/site\/wp-content\/uploads\/2024\/04\/0.PBI-MAX-TABLERO.jpeg\" alt=\"\" class=\"wp-image-3424\" srcset=\"https:\/\/observatorioarmenia.org\/site\/wp-content\/uploads\/2024\/04\/0.PBI-MAX-TABLERO.jpeg 750w, https:\/\/observatorioarmenia.org\/site\/wp-content\/uploads\/2024\/04\/0.PBI-MAX-TABLERO-300x20.jpeg 300w\" sizes=\"auto, (max-width: 750px) 100vw, 750px\" \/><\/figure>\n<\/div>\n\n\n<iframe loading=\"lazy\" title=\"desmpleo\" width=\"600\" height=\"373.5\" src=\"https:\/\/app.powerbi.com\/view?r=eyJrIjoiOWEzZTNmYTYtMjk5Ny00ZmZiLThhNDYtNGMyMDQwMzg1NjNhIiwidCI6IjBlZGIzNDNjLWRjZjgtNDE3Mi1iNGJlLWViZWI1Mjc4ZTNmOCIsImMiOjJ9\" frameborder=\"0\" allowFullScreen=\"true\"><\/iframe>\n\n\n\n<p class=\"has-text-align-center\">Fuente: Secretar\u00eda de Hacienda de Armenia con datos Dane (2024)<\/p>\n\n\n\n<p>Referencias<\/p>\n\n\n\n<p>Dane. 2024. Principales resultados del mercado laboral. Enero-Marzo 2024. Departamento Administrativo Nacional de Estad\u00edstica (Dane). [consultado en: 30\/04\/24]: <a href=\"https:\/\/www.dane.gov.co\/index.php\/estadisticas-por-tema\/mercado-laboral\/empleo-y-desempleo\">DANE &#8211; Empleo y desempleo<\/a><\/p>\n\n\n\n<p><\/p>\n","protected":false},"excerpt":{"rendered":"<p>I. Contexto La tasa de desempleo del trimestre m\u00f3vil enero a marzo de 2024 fue para Armenia 12.4%, ocupando la posici\u00f3n 16 entre 23 ciudades. Ibagu\u00e9 14.9% (6\/23), Manizales 11.9% (17\/23) y Pereira 13.6% (10\/23). La tasa de desempleo nacional fue de 11.9%. La tasa desempleo juvenil fue de 20.1%<\/p>\n<div class=\"continue-reading-wrapper\"><a href=\"https:\/\/observatorioarmenia.org\/site\/uncategorized\/observatorio-economico-td-trim-enero-a-marzo-2024-de-armenia-12-4-16-23-ibague-14-9-6-23-manizales-11-9-17-23-pereira-13-6-10-23-y-nacional-11-9\/\" class=\"continue-reading\">Ampliar informaci\u00f3n<i class=\"ion-ios-arrow-right\"><\/i><\/a><\/div>\n","protected":false},"author":1,"featured_media":0,"comment_status":"open","ping_status":"closed","sticky":false,"template":"","format":"standard","meta":{"footnotes":""},"categories":[1],"tags":[],"class_list":["post-3435","post","type-post","status-publish","format-standard","hentry","category-uncategorized"],"_links":{"self":[{"href":"https:\/\/observatorioarmenia.org\/site\/wp-json\/wp\/v2\/posts\/3435","targetHints":{"allow":["GET"]}}],"collection":[{"href":"https:\/\/observatorioarmenia.org\/site\/wp-json\/wp\/v2\/posts"}],"about":[{"href":"https:\/\/observatorioarmenia.org\/site\/wp-json\/wp\/v2\/types\/post"}],"author":[{"embeddable":true,"href":"https:\/\/observatorioarmenia.org\/site\/wp-json\/wp\/v2\/users\/1"}],"replies":[{"embeddable":true,"href":"https:\/\/observatorioarmenia.org\/site\/wp-json\/wp\/v2\/comments?post=3435"}],"version-history":[{"count":18,"href":"https:\/\/observatorioarmenia.org\/site\/wp-json\/wp\/v2\/posts\/3435\/revisions"}],"predecessor-version":[{"id":3459,"href":"https:\/\/observatorioarmenia.org\/site\/wp-json\/wp\/v2\/posts\/3435\/revisions\/3459"}],"wp:attachment":[{"href":"https:\/\/observatorioarmenia.org\/site\/wp-json\/wp\/v2\/media?parent=3435"}],"wp:term":[{"taxonomy":"category","embeddable":true,"href":"https:\/\/observatorioarmenia.org\/site\/wp-json\/wp\/v2\/categories?post=3435"},{"taxonomy":"post_tag","embeddable":true,"href":"https:\/\/observatorioarmenia.org\/site\/wp-json\/wp\/v2\/tags?post=3435"}],"curies":[{"name":"wp","href":"https:\/\/api.w.org\/{rel}","templated":true}]}}