{"id":3376,"date":"2024-04-20T20:14:07","date_gmt":"2024-04-21T01:14:07","guid":{"rendered":"https:\/\/observatorioarmenia.org\/site\/?p=3376"},"modified":"2024-04-29T16:40:12","modified_gmt":"2024-04-29T21:40:12","slug":"observatorio-fiscal-indice-de-pobreza-multidimensional-2023-quindio-7-5-tolima-12-9-caldas-7-4-y-risaralda-11-8","status":"publish","type":"post","link":"https:\/\/observatorioarmenia.org\/site\/uncategorized\/observatorio-fiscal-indice-de-pobreza-multidimensional-2023-quindio-7-5-tolima-12-9-caldas-7-4-y-risaralda-11-8\/","title":{"rendered":"Observatorio Fiscal: \u00edndice de pobreza multidimensional 2023: Quind\u00edo 7.5%, Tolima 12.9%, Caldas 7.4% y Risaralda 11.8%"},"content":{"rendered":"\n<p>I. Contexto<\/p>\n\n\n\n<p>El \u00edndice de pobreza multidimensional (IPM) del a\u00f1o 2023 de Quind\u00edo fue de 7.5%, ocupando la posici\u00f3n 29 entre 33 departamentos. Tolima 12.9% (20\/33), Risaralda 11.8% (24\/33) y Caldas 7.4% (30\/33). A nivel nacional el IPM fue de 12.1%.<\/p>\n\n\n<div class=\"wp-block-image\">\n<figure class=\"aligncenter size-large is-resized\"><img loading=\"lazy\" decoding=\"async\" width=\"1024\" height=\"155\" src=\"https:\/\/observatorioarmenia.org\/site\/wp-content\/uploads\/2024\/04\/0.IPM_-1024x155.jpeg\" alt=\"\" class=\"wp-image-3378\" style=\"width:898px;height:auto\" srcset=\"https:\/\/observatorioarmenia.org\/site\/wp-content\/uploads\/2024\/04\/0.IPM_-1024x155.jpeg 1024w, https:\/\/observatorioarmenia.org\/site\/wp-content\/uploads\/2024\/04\/0.IPM_-300x46.jpeg 300w, https:\/\/observatorioarmenia.org\/site\/wp-content\/uploads\/2024\/04\/0.IPM_-768x117.jpeg 768w, https:\/\/observatorioarmenia.org\/site\/wp-content\/uploads\/2024\/04\/0.IPM_.jpeg 1291w\" sizes=\"auto, (max-width: 1024px) 100vw, 1024px\" \/><figcaption class=\"wp-element-caption\">Fuente: Secretar\u00eda de Hacienda de Armenia con datos Dane (2024)<\/figcaption><\/figure>\n<\/div>\n\n\n<p>Respecto al a\u00f1o 2022, el departamento de Caldas y Quind\u00edo redujeron el IPM en -3.1% y -2.5% respectivamente. Los departamento de Tolima y Risaralda aumentaron su IPM en 2.4% y 1.8% respectivamente.<\/p>\n\n\n\n<p>II. Metodolog\u00eda <\/p>\n\n\n\n<p>El IPM mide las privaciones que tienen los hogares en cinco dimensiones con igual peso, las cuales agrupan 15 variables en total, a partir de los datos de la Encuesta Nacional de Calidad de Vida:<\/p>\n\n\n\n<ul class=\"wp-block-list\">\n<li>Educativas (20%): analfabetismo (10%) y bajo logro acad\u00e9mico (10%).<\/li>\n\n\n\n<li>Ni\u00f1ez y Juventud (20%): inasistencia escolar (5%), rezago escolar (5%), barreras de acceso cuidado primera infancia (5%) y trabajo infantil (5%).<\/li>\n\n\n\n<li>Trabajo (20%): trabajo informal (10%) y desempleo de largo duraci\u00f3n (10%).<\/li>\n\n\n\n<li>Salud (20%): sin seguramiento (10%) y barreras de acceso a salud dada una necesidad (10%).<\/li>\n\n\n\n<li>Vivienda y servicios p\u00fablicos (20%): sin acceso a fuente de agua mejorada (4%), inadecuada eliminaci\u00f3n de excretas (4%), material inadecuado de pisos (4%), material inadecuado de paredes (4%), hacinamiento cr\u00edtico (4%).<\/li>\n<\/ul>\n\n\n\n<p>III. Resultados<\/p>\n\n\n\n<iframe loading=\"lazy\" title=\"Portotipo pobreza multidimensional\" width=\"600\" height=\"373.5\" src=\"https:\/\/app.powerbi.com\/view?r=eyJrIjoiYzcyNDhjYmUtZGU3Mi00MTJiLThlN2UtYzg4Mzc4NGQzYTMzIiwidCI6IjBlZGIzNDNjLWRjZjgtNDE3Mi1iNGJlLWViZWI1Mjc4ZTNmOCIsImMiOjJ9\" frameborder=\"0\" allowFullScreen=\"true\"><\/iframe>\n\n\n\n<p class=\"has-text-align-center\">Fuente: Secretar\u00eda de Hacienda de Armenia con datos Dane (2024).<\/p>\n\n\n\n<p class=\"has-text-align-center\">Maximice para interactuar con el tablero. Seleccione el a\u00f1o de sus inter\u00e9s.<\/p>\n\n\n\n<p>Para el Quind\u00edo hubo reducci\u00f3n en siete variables y aumento en ocho. La mayor reducci\u00f3n se dio en rezago escolar con -2.1%, seguido por las barreras a servicios para el cuidado de la primera infancia con -1.0% e inasistencia escolar con -0.7%. El mayor aumento se produjo a nivel de barreras de acceso a servicios de salud, seguido por trabajo informal con 1.3% y material inadecuado de paredes exteriores con 0.6%.<\/p>\n\n\n<div class=\"wp-block-image\">\n<figure class=\"aligncenter size-large is-resized\"><img loading=\"lazy\" decoding=\"async\" width=\"1024\" height=\"278\" src=\"https:\/\/observatorioarmenia.org\/site\/wp-content\/uploads\/2024\/04\/2.IPM_-1024x278.jpeg\" alt=\"\" class=\"wp-image-3379\" style=\"width:906px;height:auto\" srcset=\"https:\/\/observatorioarmenia.org\/site\/wp-content\/uploads\/2024\/04\/2.IPM_-1024x278.jpeg 1024w, https:\/\/observatorioarmenia.org\/site\/wp-content\/uploads\/2024\/04\/2.IPM_-300x81.jpeg 300w, https:\/\/observatorioarmenia.org\/site\/wp-content\/uploads\/2024\/04\/2.IPM_-768x208.jpeg 768w, https:\/\/observatorioarmenia.org\/site\/wp-content\/uploads\/2024\/04\/2.IPM_-1536x417.jpeg 1536w, https:\/\/observatorioarmenia.org\/site\/wp-content\/uploads\/2024\/04\/2.IPM_.jpeg 1607w\" sizes=\"auto, (max-width: 1024px) 100vw, 1024px\" \/><figcaption class=\"wp-element-caption\">Fuente. Secretar\u00eda de Hacienda de Armenia con datos Dane (2024)<\/figcaption><\/figure>\n<\/div>\n\n\n<p>Para Caldas, se present\u00f3 reducci\u00f3n en 10 variables y aumento en una, mientras que dos permanecieron sin cambio. La mayor reducci\u00f3n se dio en trabajo informal con -2.2%, seguido por hacinamiento cr\u00edtico con -2.1% y sin aseguramiento de salud con -1.6%. aumento marginales se dieron en barreras de acceso a servicios de salud con 0.7% y rezago escolar con 0.2%. Las variables de material inadecuado de paredes exteriores y material inadecuado de pisos no presentaron cambio.<\/p>\n\n\n<div class=\"wp-block-image\">\n<figure class=\"aligncenter size-large is-resized\"><img loading=\"lazy\" decoding=\"async\" width=\"1024\" height=\"294\" src=\"https:\/\/observatorioarmenia.org\/site\/wp-content\/uploads\/2024\/04\/1.IPM_-1024x294.jpeg\" alt=\"\" class=\"wp-image-3380\" style=\"width:892px;height:auto\" srcset=\"https:\/\/observatorioarmenia.org\/site\/wp-content\/uploads\/2024\/04\/1.IPM_-1024x294.jpeg 1024w, https:\/\/observatorioarmenia.org\/site\/wp-content\/uploads\/2024\/04\/1.IPM_-300x86.jpeg 300w, https:\/\/observatorioarmenia.org\/site\/wp-content\/uploads\/2024\/04\/1.IPM_-768x220.jpeg 768w, https:\/\/observatorioarmenia.org\/site\/wp-content\/uploads\/2024\/04\/1.IPM_-1536x441.jpeg 1536w, https:\/\/observatorioarmenia.org\/site\/wp-content\/uploads\/2024\/04\/1.IPM_.jpeg 1607w\" sizes=\"auto, (max-width: 1024px) 100vw, 1024px\" \/><figcaption class=\"wp-element-caption\">Fuente: Secretar\u00eda de Hacienda de Armenia con datos Dane (2024).<\/figcaption><\/figure>\n<\/div>\n\n\n<p>Para Risaralda, se presentaron disminuciones en seis variables y aumento en nueve. La de mayor disminuci\u00f3n fue trabajo informal con -4.0% seguido por sin aseguramiento a salud con -1.7% y rezago escolar con -1.0%. El mayor aumento fue para hacinamiento cr\u00edtico con 4.5%, seguido por inadecuado eliminaci\u00f3n de excretas con 4.0% y barreras a servicios para cuidado de la primera infancia con 1.8%.<\/p>\n\n\n<div class=\"wp-block-image\">\n<figure class=\"aligncenter size-large is-resized\"><img loading=\"lazy\" decoding=\"async\" width=\"1024\" height=\"276\" src=\"https:\/\/observatorioarmenia.org\/site\/wp-content\/uploads\/2024\/04\/3.IPM_-1024x276.jpeg\" alt=\"\" class=\"wp-image-3384\" style=\"width:892px;height:auto\" srcset=\"https:\/\/observatorioarmenia.org\/site\/wp-content\/uploads\/2024\/04\/3.IPM_-1024x276.jpeg 1024w, https:\/\/observatorioarmenia.org\/site\/wp-content\/uploads\/2024\/04\/3.IPM_-300x81.jpeg 300w, https:\/\/observatorioarmenia.org\/site\/wp-content\/uploads\/2024\/04\/3.IPM_-768x207.jpeg 768w, https:\/\/observatorioarmenia.org\/site\/wp-content\/uploads\/2024\/04\/3.IPM_-1536x413.jpeg 1536w, https:\/\/observatorioarmenia.org\/site\/wp-content\/uploads\/2024\/04\/3.IPM_.jpeg 1605w\" sizes=\"auto, (max-width: 1024px) 100vw, 1024px\" \/><figcaption class=\"wp-element-caption\">Fuente: Secretar\u00eda de Hacienda de Armenia con datos Dane (2024)<\/figcaption><\/figure>\n<\/div>\n\n\n<p>Para el Tolima, hubo reducci\u00f3n en cinco variables y aumento en 10. La reducci\u00f3n se dio en sin acceso a fuente de agua mejorada con -3.4%, seguido por material inadecuado de pisos con -1.8% y trabajo informal con -1.5%. El mayor aumento se dio en barreras de acceso a servicios de salud con 3.9%, seguido por analfabetismo con 2.9% y sin aseguramiento de salud con 1.6%.<\/p>\n\n\n<div class=\"wp-block-image\">\n<figure class=\"aligncenter size-large is-resized\"><img loading=\"lazy\" decoding=\"async\" width=\"1024\" height=\"277\" src=\"https:\/\/observatorioarmenia.org\/site\/wp-content\/uploads\/2024\/04\/4.IPM_-2-1024x277.jpeg\" alt=\"\" class=\"wp-image-3388\" style=\"width:886px;height:auto\" srcset=\"https:\/\/observatorioarmenia.org\/site\/wp-content\/uploads\/2024\/04\/4.IPM_-2-1024x277.jpeg 1024w, https:\/\/observatorioarmenia.org\/site\/wp-content\/uploads\/2024\/04\/4.IPM_-2-300x81.jpeg 300w, https:\/\/observatorioarmenia.org\/site\/wp-content\/uploads\/2024\/04\/4.IPM_-2-768x208.jpeg 768w, https:\/\/observatorioarmenia.org\/site\/wp-content\/uploads\/2024\/04\/4.IPM_-2-1536x416.jpeg 1536w, https:\/\/observatorioarmenia.org\/site\/wp-content\/uploads\/2024\/04\/4.IPM_-2.jpeg 1608w\" sizes=\"auto, (max-width: 1024px) 100vw, 1024px\" \/><figcaption class=\"wp-element-caption\">Fuente: Secretar\u00eda de Hacienda de Armenia con datos Dane (2024)<\/figcaption><\/figure>\n<\/div>\n\n\n<p>IV. An\u00e1lisis<\/p>\n\n\n\n<p>La brecha de g\u00e9nero (diferencia entre IPM de mujeres respecto a hombres) es menor en Caldas con 0.2% , seguido por Quind\u00edo con 0.3% y Risaralda con 0.3%. La brecha de g\u00e9nero en Tolima tiene signo negativo: -0.6%, lo que significa que los hombres tienen mayor pobreza monetaria que las mujeres.<\/p>\n\n\n<div class=\"wp-block-image\">\n<figure class=\"aligncenter size-full\"><img loading=\"lazy\" decoding=\"async\" width=\"959\" height=\"159\" src=\"https:\/\/observatorioarmenia.org\/site\/wp-content\/uploads\/2024\/04\/5.IPM_-1.jpeg\" alt=\"\" class=\"wp-image-3392\" srcset=\"https:\/\/observatorioarmenia.org\/site\/wp-content\/uploads\/2024\/04\/5.IPM_-1.jpeg 959w, https:\/\/observatorioarmenia.org\/site\/wp-content\/uploads\/2024\/04\/5.IPM_-1-300x50.jpeg 300w, https:\/\/observatorioarmenia.org\/site\/wp-content\/uploads\/2024\/04\/5.IPM_-1-768x127.jpeg 768w\" sizes=\"auto, (max-width: 959px) 100vw, 959px\" \/><figcaption class=\"wp-element-caption\">Fuente: Secretar\u00eda de Hacienda de Armenia con datos Dane (2024)<\/figcaption><\/figure>\n<\/div>\n\n\n<p>Respecto al a\u00f1o 2022, Caldas ha reducido en mayor proporci\u00f3n el IPM de hombres con -3.9% y el de mujeres con -2.4%. Para el Quind\u00edo los hombres han reducido su IPM en -3.1% y las mujeres en -1.8%. Para el caso de Risaralda ha aumentado en mayor proporci\u00f3n en las mujeres con 2.2% y los hombres con 1.5%, mientras que en Tolima ha sido un aumento mayor para los hombres 3.0% y mujeres solo el 1.7%.<\/p>\n\n\n\n<p>El departamento del Quind\u00edo ha venido trabajando en sus variables relacionadas con la educaci\u00f3n y esa iniciativa ha dado sus frutos. Para el caso del departamento de Caldas, su mercado laboral estructuralmente fuerte le ha posibilitado mejorar su informalidad y esto ha tenido un efecto colateral sobre todo en variables relacionadas con la vivienda. Por el contrario, el departamento de Risaralda que ha mejorado en informalidad laboral, puede estar experimentando inmigraci\u00f3n que presiona las condiciones de vivienda. Para el caso de Tolima, los servicios de salud se han visto limitados.<\/p>\n\n\n\n<p>Referencias<\/p>\n\n\n\n<p>Dane. 2024. Pobreza Multidimensional. Resultados 2023. Abril 2024. Departamento Administrativo Nacional de Estad\u00edstica [consultado en 20\/04\/24]: <a href=\"https:\/\/www.dane.gov.co\/files\/operaciones\/PM\/pres-PMultidimensional-2023.pdf\">pres-PMultidimensional-2023.pdf (dane.gov.co)<\/a><\/p>\n","protected":false},"excerpt":{"rendered":"<p>I. Contexto El \u00edndice de pobreza multidimensional (IPM) del a\u00f1o 2023 de Quind\u00edo fue de 7.5%, ocupando la posici\u00f3n 29 entre 33 departamentos. Tolima 12.9% (20\/33), Risaralda 11.8% (24\/33) y Caldas 7.4% (30\/33). A nivel nacional el IPM fue de 12.1%. Respecto al a\u00f1o 2022, el departamento de Caldas y<\/p>\n<div class=\"continue-reading-wrapper\"><a href=\"https:\/\/observatorioarmenia.org\/site\/uncategorized\/observatorio-fiscal-indice-de-pobreza-multidimensional-2023-quindio-7-5-tolima-12-9-caldas-7-4-y-risaralda-11-8\/\" class=\"continue-reading\">Ampliar informaci\u00f3n<i class=\"ion-ios-arrow-right\"><\/i><\/a><\/div>\n","protected":false},"author":1,"featured_media":0,"comment_status":"open","ping_status":"closed","sticky":false,"template":"","format":"standard","meta":{"footnotes":""},"categories":[1],"tags":[],"class_list":["post-3376","post","type-post","status-publish","format-standard","hentry","category-uncategorized"],"_links":{"self":[{"href":"https:\/\/observatorioarmenia.org\/site\/wp-json\/wp\/v2\/posts\/3376","targetHints":{"allow":["GET"]}}],"collection":[{"href":"https:\/\/observatorioarmenia.org\/site\/wp-json\/wp\/v2\/posts"}],"about":[{"href":"https:\/\/observatorioarmenia.org\/site\/wp-json\/wp\/v2\/types\/post"}],"author":[{"embeddable":true,"href":"https:\/\/observatorioarmenia.org\/site\/wp-json\/wp\/v2\/users\/1"}],"replies":[{"embeddable":true,"href":"https:\/\/observatorioarmenia.org\/site\/wp-json\/wp\/v2\/comments?post=3376"}],"version-history":[{"count":10,"href":"https:\/\/observatorioarmenia.org\/site\/wp-json\/wp\/v2\/posts\/3376\/revisions"}],"predecessor-version":[{"id":3420,"href":"https:\/\/observatorioarmenia.org\/site\/wp-json\/wp\/v2\/posts\/3376\/revisions\/3420"}],"wp:attachment":[{"href":"https:\/\/observatorioarmenia.org\/site\/wp-json\/wp\/v2\/media?parent=3376"}],"wp:term":[{"taxonomy":"category","embeddable":true,"href":"https:\/\/observatorioarmenia.org\/site\/wp-json\/wp\/v2\/categories?post=3376"},{"taxonomy":"post_tag","embeddable":true,"href":"https:\/\/observatorioarmenia.org\/site\/wp-json\/wp\/v2\/tags?post=3376"}],"curies":[{"name":"wp","href":"https:\/\/api.w.org\/{rel}","templated":true}]}}